{"id":7759,"date":"2024-04-22T12:15:45","date_gmt":"2024-04-22T10:15:45","guid":{"rendered":"https:\/\/www.hotelaromar.com\/cami-de-ronda-in-platja-daro-ein-spaziergang-entlang-der-costa-brava\/"},"modified":"2024-04-22T12:15:45","modified_gmt":"2024-04-22T10:15:45","slug":"cami-de-ronda-in-platja-daro-ein-spaziergang-entlang-der-costa-brava","status":"publish","type":"post","link":"https:\/\/www.hotelaromar.com\/de\/cami-de-ronda-in-platja-daro-ein-spaziergang-entlang-der-costa-brava\/","title":{"rendered":"Cam\u00ed de Ronda in Platja d&#8217;Aro: Ein Spaziergang entlang der Costa Brava"},"content":{"rendered":"<p class=\"p1\">Die Stadt Platja d&#8217;Aro ist ein beliebtes Reiseziel, das f\u00fcr seine weitl\u00e4ufigen Str\u00e4nde, seine Strandpromenade und sein lebhaftes Nachtleben bekannt ist. Neben modernen touristischen Einrichtungen bietet es eine reichhaltige Mischung aus lokaler Kultur und nat\u00fcrlicher Sch\u00f6nheit, was es zu einem wichtigen Ausgangspunkt f\u00fcr die Erkundung des Cam\u00ed de Ronda macht. <\/p>\n<h2 class=\"p1\">Der K\u00fcstenweg und seine Bedeutung als landschaftlich reizvolle Route<\/h2>\n<p class=\"p1\">Der Cam\u00ed de Ronda ist ein historischer Weg (daher auch sein Name), der entlang der Costa Brava verl\u00e4uft und Zugang zu einigen der spektakul\u00e4rsten Buchten und Aussichten der Region bietet. Urspr\u00fcnglich wurde diese Route von der K\u00fcstenwache genutzt, um Schmuggel zu \u00fcberwachen, bis sie zu dem wurde, was sie heute ist: eine Touristenattraktion. <\/p>\n<h3 class=\"p1\">Historischer Ursprung der Promenade und ihre urspr\u00fcngliche Nutzung<\/h3>\n<p class=\"p1\">Wie bereits erw\u00e4hnt, hat der Cam\u00ed de Ronda seinen Ursprung in der Notwendigkeit, die katalanische K\u00fcste zu \u00fcberwachen, um Schmuggel zu verhindern. Er wurde von K\u00fcstenw\u00e4chtern patrouilliert, die auf die Ankunft illegaler Waren und verd\u00e4chtige Aktivit\u00e4ten entlang der K\u00fcste achteten. <\/p>\n<p class=\"p1\">Im Laufe der Zeit wurde der K\u00fcstenweg restauriert und f\u00fcr die \u00d6ffentlichkeit zug\u00e4nglich gemacht. Der Erhalt seiner nat\u00fcrlichen Umgebung hat Priorit\u00e4t, wobei ein Gleichgewicht zwischen der Zug\u00e4nglichkeit f\u00fcr Touristen und dem Schutz der K\u00fcstenlandschaft und ihrer Artenvielfalt angestrebt wird. <\/p>\n<h3 class=\"p1\">Der K\u00fcstenweg bei Platja d&#8217;Aro<\/h3>\n<p class=\"p1\">Der Abschnitt des K\u00fcstenwegs, der durch Platja d&#8217;Aro verl\u00e4uft, ist voller Feldwege, Steinstufen und Holzstege, die verschiedene Buchten und Str\u00e4nde miteinander verbinden und einen majest\u00e4tischen Blick auf das Mittelmeer bieten. Es handelt sich um eine etwa 5 Kilometer lange Route mit mittlerem Schwierigkeitsgrad, die sowohl f\u00fcr Gelegenheitswanderer als auch f\u00fcr erfahrene Wanderer geeignet ist. <\/p>\n<h3 class=\"p1\">Punts destacats i atractius<\/h3>\n<p class=\"p1\">Vom K\u00fcstenweg in Platja d&#8217;Aro aus k\u00f6nnen Sie Sehensw\u00fcrdigkeiten wie Cala Rovira, Cala Sa Cova und Cap Roig sehen. Diese Buchten bieten kristallklares, ruhiges Wasser, ideal zum Schwimmen oder einfach nur zum Genie\u00dfen der Landschaft. Cala Rovira ist bekannt f\u00fcr seinen goldenen Sand und seine ruhige Atmosph\u00e4re, w\u00e4hrend Cala Sa Cova durch seine geringe Gr\u00f6\u00dfe und sein tiefes Wasser, umgeben von zerkl\u00fcfteten Felsen, besticht. Beide sind jedoch \u00fcber den K\u00fcstenweg erreichbar.   <\/p>\n<h3 class=\"p1\">Wann ist die beste Jahreszeit f\u00fcr einen Besuch?<\/h3>\n<p class=\"p1\">Die beste Zeit f\u00fcr eine Wanderung auf dem K\u00fcstenweg ist im Fr\u00fchling und Herbst, wenn die Temperaturen nicht so hoch sind wie im Sommer und die Landschaft am sch\u00f6nsten ist. In diesen Jahreszeiten ist der Weg weniger \u00fcberlaufen, was das Erlebnis noch angenehmer macht. Au\u00dferdem ist der Abschnitt Platja d&#8217;Aro des K\u00fcstenwegs leicht erreichbar. Er ist problemlos \u00fcber die Stra\u00dfe zu erreichen: Von Girona aus dauert die Fahrt eine halbe Stunde und von Barcelona aus etwas mehr als eine Stunde. Sie k\u00f6nnen mit dem Auto oder mit \u00f6ffentlichen Verkehrsmitteln dorthin gelangen, da diese Stadt \u00fcber Busverbindungen verf\u00fcgt, die regelm\u00e4\u00dfig beide katalanischen Hauptst\u00e4dte anfahren.    <span class=\"Apple-converted-space\"> <\/span><\/p>\n<p class=\"p1\">Letztendlich bietet der K\u00fcstenweg in Platja d&#8217;Aro eine gro\u00dfartige Gelegenheit, die nat\u00fcrliche Sch\u00f6nheit der Costa Brava zu erkunden und gleichzeitig die reiche Geschichte und den spektakul\u00e4ren Meerblick zu genie\u00dfen. Ob Sie einen ruhigen oder einen aktiven Urlaub suchen, diese Route verspricht allen Besuchern ein unvergessliches Erlebnis. <\/p>\n","protected":false},"excerpt":{"rendered":"<p>Die Stadt Platja d&#8217;Aro ist ein beliebtes Reiseziel, das f\u00fcr seine weitl\u00e4ufigen Str\u00e4nde, seine Strandpromenade und sein lebhaftes Nachtleben bekannt ist. Neben modernen touristischen Einrichtungen bietet es eine reichhaltige Mischung aus lokaler Kultur und nat\u00fcrlicher Sch\u00f6nheit, was es zu einem wichtigen Ausgangspunkt f\u00fcr die Erkundung des Cam\u00ed de Ronda macht. Der K\u00fcstenweg und seine Bedeutung&hellip;&nbsp;<\/p>\n","protected":false},"author":1,"featured_media":7757,"comment_status":"open","ping_status":"closed","sticky":false,"template":"","format":"standard","meta":{"_acf_changed":false,"neve_meta_sidebar":"","neve_meta_container":"","neve_meta_enable_content_width":"off","neve_meta_content_width":70,"neve_meta_title_alignment":"","neve_meta_author_avatar":"","neve_post_elements_order":"","neve_meta_disable_header":"","neve_meta_disable_footer":"","neve_meta_disable_title":"","neve_meta_reading_time":"","footnotes":""},"categories":[58],"tags":[],"class_list":["post-7759","post","type-post","status-publish","format-standard","has-post-thumbnail","hentry","category-unsere-strande"],"acf":[],"yoast_head":"<!-- This site is optimized with the Yoast SEO plugin v28.4 - https:\/\/yoast.com\/product\/yoast-seo-wordpress\/ -->\n<title>Cam\u00ed de Ronda in Platja d&#039;Aro: Ein Spaziergang entlang der Costa Brava<\/title>\n<meta name=\"description\" content=\"Der Cam\u00ed de Ronda ist ein historischer Wanderweg entlang der Costa Brava, der Zugang zu einigen der spektakul\u00e4rsten Buchten und Aussichtspunkte der Region bietet.\" \/>\n<meta name=\"robots\" content=\"index, follow, max-snippet:-1, max-image-preview:large, max-video-preview:-1\" \/>\n<link rel=\"canonical\" href=\"https:\/\/www.hotelaromar.com\/de\/cami-de-ronda-in-platja-daro-ein-spaziergang-entlang-der-costa-brava\/\" \/>\n<meta property=\"og:locale\" content=\"de_DE\" \/>\n<meta property=\"og:type\" content=\"article\" \/>\n<meta property=\"og:title\" content=\"Cam\u00ed de Ronda in Platja d&#039;Aro: Ein Spaziergang entlang der Costa Brava\" \/>\n<meta property=\"og:description\" content=\"Der Cam\u00ed de Ronda ist ein historischer Wanderweg entlang der Costa Brava, der Zugang zu einigen der spektakul\u00e4rsten Buchten und Aussichtspunkte der Region bietet.\" \/>\n<meta property=\"og:url\" content=\"https:\/\/www.hotelaromar.com\/de\/cami-de-ronda-in-platja-daro-ein-spaziergang-entlang-der-costa-brava\/\" \/>\n<meta property=\"og:site_name\" content=\"Hotel Aromar\" \/>\n<meta property=\"article:published_time\" content=\"2024-04-22T10:15:45+00:00\" \/>\n<meta property=\"og:image\" content=\"https:\/\/www.hotelaromar.com\/wp-content\/uploads\/2024\/04\/sagaro.webp\" \/>\n\t<meta property=\"og:image:width\" content=\"1500\" \/>\n\t<meta property=\"og:image:height\" content=\"2032\" \/>\n\t<meta property=\"og:image:type\" content=\"image\/webp\" \/>\n<meta name=\"author\" content=\"Comunicaci\u00f3 Integral Neorg\" \/>\n<meta name=\"twitter:card\" content=\"summary_large_image\" \/>\n<meta name=\"twitter:label1\" content=\"Verfasst von\" \/>\n\t<meta name=\"twitter:data1\" content=\"Comunicaci\u00f3 Integral Neorg\" \/>\n\t<meta name=\"twitter:label2\" content=\"Gesch\u00e4tzte Lesezeit\" \/>\n\t<meta name=\"twitter:data2\" content=\"3\u00a0Minuten\" \/>\n<script type=\"application\/ld+json\" class=\"yoast-schema-graph\">{\"@context\":\"https:\\\/\\\/schema.org\",\"@graph\":[{\"@type\":\"Article\",\"@id\":\"https:\\\/\\\/www.hotelaromar.com\\\/de\\\/cami-de-ronda-in-platja-daro-ein-spaziergang-entlang-der-costa-brava\\\/#article\",\"isPartOf\":{\"@id\":\"https:\\\/\\\/www.hotelaromar.com\\\/de\\\/cami-de-ronda-in-platja-daro-ein-spaziergang-entlang-der-costa-brava\\\/\"},\"author\":{\"name\":\"Comunicaci\u00f3 Integral Neorg\",\"@id\":\"https:\\\/\\\/www.hotelaromar.com\\\/de\\\/#\\\/schema\\\/person\\\/e8444f3aad536cf5bdfdebb4bde6c163\"},\"headline\":\"Cam\u00ed de Ronda in Platja d&#8217;Aro: Ein Spaziergang entlang der Costa Brava\",\"datePublished\":\"2024-04-22T10:15:45+00:00\",\"mainEntityOfPage\":{\"@id\":\"https:\\\/\\\/www.hotelaromar.com\\\/de\\\/cami-de-ronda-in-platja-daro-ein-spaziergang-entlang-der-costa-brava\\\/\"},\"wordCount\":570,\"commentCount\":0,\"publisher\":{\"@id\":\"https:\\\/\\\/www.hotelaromar.com\\\/de\\\/#organization\"},\"image\":{\"@id\":\"https:\\\/\\\/www.hotelaromar.com\\\/de\\\/cami-de-ronda-in-platja-daro-ein-spaziergang-entlang-der-costa-brava\\\/#primaryimage\"},\"thumbnailUrl\":\"https:\\\/\\\/www.hotelaromar.com\\\/wp-content\\\/uploads\\\/2024\\\/04\\\/sagaro.webp\",\"articleSection\":[\"Unsere Str\u00e4nde\"],\"inLanguage\":\"de\",\"potentialAction\":[{\"@type\":\"CommentAction\",\"name\":\"Comment\",\"target\":[\"https:\\\/\\\/www.hotelaromar.com\\\/de\\\/cami-de-ronda-in-platja-daro-ein-spaziergang-entlang-der-costa-brava\\\/#respond\"]}]},{\"@type\":\"WebPage\",\"@id\":\"https:\\\/\\\/www.hotelaromar.com\\\/de\\\/cami-de-ronda-in-platja-daro-ein-spaziergang-entlang-der-costa-brava\\\/\",\"url\":\"https:\\\/\\\/www.hotelaromar.com\\\/de\\\/cami-de-ronda-in-platja-daro-ein-spaziergang-entlang-der-costa-brava\\\/\",\"name\":\"Cam\u00ed de Ronda in Platja d'Aro: Ein Spaziergang entlang der Costa Brava\",\"isPartOf\":{\"@id\":\"https:\\\/\\\/www.hotelaromar.com\\\/de\\\/#website\"},\"primaryImageOfPage\":{\"@id\":\"https:\\\/\\\/www.hotelaromar.com\\\/de\\\/cami-de-ronda-in-platja-daro-ein-spaziergang-entlang-der-costa-brava\\\/#primaryimage\"},\"image\":{\"@id\":\"https:\\\/\\\/www.hotelaromar.com\\\/de\\\/cami-de-ronda-in-platja-daro-ein-spaziergang-entlang-der-costa-brava\\\/#primaryimage\"},\"thumbnailUrl\":\"https:\\\/\\\/www.hotelaromar.com\\\/wp-content\\\/uploads\\\/2024\\\/04\\\/sagaro.webp\",\"datePublished\":\"2024-04-22T10:15:45+00:00\",\"description\":\"Der Cam\u00ed de Ronda ist ein historischer Wanderweg entlang der Costa Brava, der Zugang zu einigen der spektakul\u00e4rsten Buchten und Aussichtspunkte der Region bietet.\",\"breadcrumb\":{\"@id\":\"https:\\\/\\\/www.hotelaromar.com\\\/de\\\/cami-de-ronda-in-platja-daro-ein-spaziergang-entlang-der-costa-brava\\\/#breadcrumb\"},\"inLanguage\":\"de\",\"potentialAction\":[{\"@type\":\"ReadAction\",\"target\":[\"https:\\\/\\\/www.hotelaromar.com\\\/de\\\/cami-de-ronda-in-platja-daro-ein-spaziergang-entlang-der-costa-brava\\\/\"]}]},{\"@type\":\"ImageObject\",\"inLanguage\":\"de\",\"@id\":\"https:\\\/\\\/www.hotelaromar.com\\\/de\\\/cami-de-ronda-in-platja-daro-ein-spaziergang-entlang-der-costa-brava\\\/#primaryimage\",\"url\":\"https:\\\/\\\/www.hotelaromar.com\\\/wp-content\\\/uploads\\\/2024\\\/04\\\/sagaro.webp\",\"contentUrl\":\"https:\\\/\\\/www.hotelaromar.com\\\/wp-content\\\/uploads\\\/2024\\\/04\\\/sagaro.webp\",\"width\":1500,\"height\":2032,\"caption\":\"Cam\u00ed de Ronda en Platja d\u2019Aro\"},{\"@type\":\"BreadcrumbList\",\"@id\":\"https:\\\/\\\/www.hotelaromar.com\\\/de\\\/cami-de-ronda-in-platja-daro-ein-spaziergang-entlang-der-costa-brava\\\/#breadcrumb\",\"itemListElement\":[{\"@type\":\"ListItem\",\"position\":1,\"name\":\"Portada\",\"item\":\"https:\\\/\\\/www.hotelaromar.com\\\/de\\\/\"},{\"@type\":\"ListItem\",\"position\":2,\"name\":\"Cam\u00ed de Ronda in Platja d&#8217;Aro: Ein Spaziergang entlang der Costa Brava\"}]},{\"@type\":\"WebSite\",\"@id\":\"https:\\\/\\\/www.hotelaromar.com\\\/de\\\/#website\",\"url\":\"https:\\\/\\\/www.hotelaromar.com\\\/de\\\/\",\"name\":\"Aromar Hotels & Restaurants\",\"description\":\"Hotel Aromar\",\"publisher\":{\"@id\":\"https:\\\/\\\/www.hotelaromar.com\\\/de\\\/#organization\"},\"alternateName\":\"Aromar Hotels & Restaurants\",\"potentialAction\":[{\"@type\":\"SearchAction\",\"target\":{\"@type\":\"EntryPoint\",\"urlTemplate\":\"https:\\\/\\\/www.hotelaromar.com\\\/de\\\/?s={search_term_string}\"},\"query-input\":{\"@type\":\"PropertyValueSpecification\",\"valueRequired\":true,\"valueName\":\"search_term_string\"}}],\"inLanguage\":\"de\"},{\"@type\":\"Organization\",\"@id\":\"https:\\\/\\\/www.hotelaromar.com\\\/de\\\/#organization\",\"name\":\"Hotel Aromar\",\"alternateName\":\"Aromar Hotels\",\"url\":\"https:\\\/\\\/www.hotelaromar.com\\\/de\\\/\",\"logo\":{\"@type\":\"ImageObject\",\"inLanguage\":\"de\",\"@id\":\"https:\\\/\\\/www.hotelaromar.com\\\/de\\\/#\\\/schema\\\/logo\\\/image\\\/\",\"url\":\"https:\\\/\\\/www.hotelaromar.com\\\/wp-content\\\/uploads\\\/2024\\\/04\\\/Aromar-2.jpg\",\"contentUrl\":\"https:\\\/\\\/www.hotelaromar.com\\\/wp-content\\\/uploads\\\/2024\\\/04\\\/Aromar-2.jpg\",\"width\":696,\"height\":696,\"caption\":\"Hotel Aromar\"},\"image\":{\"@id\":\"https:\\\/\\\/www.hotelaromar.com\\\/de\\\/#\\\/schema\\\/logo\\\/image\\\/\"}},{\"@type\":\"Person\",\"@id\":\"https:\\\/\\\/www.hotelaromar.com\\\/de\\\/#\\\/schema\\\/person\\\/e8444f3aad536cf5bdfdebb4bde6c163\",\"name\":\"Comunicaci\u00f3 Integral Neorg\",\"image\":{\"@type\":\"ImageObject\",\"inLanguage\":\"de\",\"@id\":\"https:\\\/\\\/secure.gravatar.com\\\/avatar\\\/709d3d8015183afa7401c02e2291a538cbfd4ffe62f4d86ce5f4871f22e86b09?s=96&d=mm&r=g\",\"url\":\"https:\\\/\\\/secure.gravatar.com\\\/avatar\\\/709d3d8015183afa7401c02e2291a538cbfd4ffe62f4d86ce5f4871f22e86b09?s=96&d=mm&r=g\",\"contentUrl\":\"https:\\\/\\\/secure.gravatar.com\\\/avatar\\\/709d3d8015183afa7401c02e2291a538cbfd4ffe62f4d86ce5f4871f22e86b09?s=96&d=mm&r=g\",\"caption\":\"Comunicaci\u00f3 Integral Neorg\"},\"sameAs\":[\"https:\\\/\\\/www.hotelaromar.com\"]}]}<\/script>\n<!-- \/ Yoast SEO plugin. -->","yoast_head_json":{"title":"Cam\u00ed de Ronda in Platja d'Aro: Ein Spaziergang entlang der Costa Brava","description":"Der Cam\u00ed de Ronda ist ein historischer Wanderweg entlang der Costa Brava, der Zugang zu einigen der spektakul\u00e4rsten Buchten und Aussichtspunkte der Region bietet.","robots":{"index":"index","follow":"follow","max-snippet":"max-snippet:-1","max-image-preview":"max-image-preview:large","max-video-preview":"max-video-preview:-1"},"canonical":"https:\/\/www.hotelaromar.com\/de\/cami-de-ronda-in-platja-daro-ein-spaziergang-entlang-der-costa-brava\/","og_locale":"de_DE","og_type":"article","og_title":"Cam\u00ed de Ronda in Platja d'Aro: Ein Spaziergang entlang der Costa Brava","og_description":"Der Cam\u00ed de Ronda ist ein historischer Wanderweg entlang der Costa Brava, der Zugang zu einigen der spektakul\u00e4rsten Buchten und Aussichtspunkte der Region bietet.","og_url":"https:\/\/www.hotelaromar.com\/de\/cami-de-ronda-in-platja-daro-ein-spaziergang-entlang-der-costa-brava\/","og_site_name":"Hotel Aromar","article_published_time":"2024-04-22T10:15:45+00:00","og_image":[{"width":1500,"height":2032,"url":"https:\/\/www.hotelaromar.com\/wp-content\/uploads\/2024\/04\/sagaro.webp","type":"image\/webp"}],"author":"Comunicaci\u00f3 Integral Neorg","twitter_card":"summary_large_image","twitter_misc":{"Verfasst von":"Comunicaci\u00f3 Integral Neorg","Gesch\u00e4tzte Lesezeit":"3\u00a0Minuten"},"schema":{"@context":"https:\/\/schema.org","@graph":[{"@type":"Article","@id":"https:\/\/www.hotelaromar.com\/de\/cami-de-ronda-in-platja-daro-ein-spaziergang-entlang-der-costa-brava\/#article","isPartOf":{"@id":"https:\/\/www.hotelaromar.com\/de\/cami-de-ronda-in-platja-daro-ein-spaziergang-entlang-der-costa-brava\/"},"author":{"name":"Comunicaci\u00f3 Integral Neorg","@id":"https:\/\/www.hotelaromar.com\/de\/#\/schema\/person\/e8444f3aad536cf5bdfdebb4bde6c163"},"headline":"Cam\u00ed de Ronda in Platja d&#8217;Aro: Ein Spaziergang entlang der Costa Brava","datePublished":"2024-04-22T10:15:45+00:00","mainEntityOfPage":{"@id":"https:\/\/www.hotelaromar.com\/de\/cami-de-ronda-in-platja-daro-ein-spaziergang-entlang-der-costa-brava\/"},"wordCount":570,"commentCount":0,"publisher":{"@id":"https:\/\/www.hotelaromar.com\/de\/#organization"},"image":{"@id":"https:\/\/www.hotelaromar.com\/de\/cami-de-ronda-in-platja-daro-ein-spaziergang-entlang-der-costa-brava\/#primaryimage"},"thumbnailUrl":"https:\/\/www.hotelaromar.com\/wp-content\/uploads\/2024\/04\/sagaro.webp","articleSection":["Unsere Str\u00e4nde"],"inLanguage":"de","potentialAction":[{"@type":"CommentAction","name":"Comment","target":["https:\/\/www.hotelaromar.com\/de\/cami-de-ronda-in-platja-daro-ein-spaziergang-entlang-der-costa-brava\/#respond"]}]},{"@type":"WebPage","@id":"https:\/\/www.hotelaromar.com\/de\/cami-de-ronda-in-platja-daro-ein-spaziergang-entlang-der-costa-brava\/","url":"https:\/\/www.hotelaromar.com\/de\/cami-de-ronda-in-platja-daro-ein-spaziergang-entlang-der-costa-brava\/","name":"Cam\u00ed de Ronda in Platja d'Aro: Ein Spaziergang entlang der Costa Brava","isPartOf":{"@id":"https:\/\/www.hotelaromar.com\/de\/#website"},"primaryImageOfPage":{"@id":"https:\/\/www.hotelaromar.com\/de\/cami-de-ronda-in-platja-daro-ein-spaziergang-entlang-der-costa-brava\/#primaryimage"},"image":{"@id":"https:\/\/www.hotelaromar.com\/de\/cami-de-ronda-in-platja-daro-ein-spaziergang-entlang-der-costa-brava\/#primaryimage"},"thumbnailUrl":"https:\/\/www.hotelaromar.com\/wp-content\/uploads\/2024\/04\/sagaro.webp","datePublished":"2024-04-22T10:15:45+00:00","description":"Der Cam\u00ed de Ronda ist ein historischer Wanderweg entlang der Costa Brava, der Zugang zu einigen der spektakul\u00e4rsten Buchten und Aussichtspunkte der Region bietet.","breadcrumb":{"@id":"https:\/\/www.hotelaromar.com\/de\/cami-de-ronda-in-platja-daro-ein-spaziergang-entlang-der-costa-brava\/#breadcrumb"},"inLanguage":"de","potentialAction":[{"@type":"ReadAction","target":["https:\/\/www.hotelaromar.com\/de\/cami-de-ronda-in-platja-daro-ein-spaziergang-entlang-der-costa-brava\/"]}]},{"@type":"ImageObject","inLanguage":"de","@id":"https:\/\/www.hotelaromar.com\/de\/cami-de-ronda-in-platja-daro-ein-spaziergang-entlang-der-costa-brava\/#primaryimage","url":"https:\/\/www.hotelaromar.com\/wp-content\/uploads\/2024\/04\/sagaro.webp","contentUrl":"https:\/\/www.hotelaromar.com\/wp-content\/uploads\/2024\/04\/sagaro.webp","width":1500,"height":2032,"caption":"Cam\u00ed de Ronda en Platja d\u2019Aro"},{"@type":"BreadcrumbList","@id":"https:\/\/www.hotelaromar.com\/de\/cami-de-ronda-in-platja-daro-ein-spaziergang-entlang-der-costa-brava\/#breadcrumb","itemListElement":[{"@type":"ListItem","position":1,"name":"Portada","item":"https:\/\/www.hotelaromar.com\/de\/"},{"@type":"ListItem","position":2,"name":"Cam\u00ed de Ronda in Platja d&#8217;Aro: Ein Spaziergang entlang der Costa Brava"}]},{"@type":"WebSite","@id":"https:\/\/www.hotelaromar.com\/de\/#website","url":"https:\/\/www.hotelaromar.com\/de\/","name":"Aromar Hotels & Restaurants","description":"Hotel Aromar","publisher":{"@id":"https:\/\/www.hotelaromar.com\/de\/#organization"},"alternateName":"Aromar Hotels & Restaurants","potentialAction":[{"@type":"SearchAction","target":{"@type":"EntryPoint","urlTemplate":"https:\/\/www.hotelaromar.com\/de\/?s={search_term_string}"},"query-input":{"@type":"PropertyValueSpecification","valueRequired":true,"valueName":"search_term_string"}}],"inLanguage":"de"},{"@type":"Organization","@id":"https:\/\/www.hotelaromar.com\/de\/#organization","name":"Hotel Aromar","alternateName":"Aromar Hotels","url":"https:\/\/www.hotelaromar.com\/de\/","logo":{"@type":"ImageObject","inLanguage":"de","@id":"https:\/\/www.hotelaromar.com\/de\/#\/schema\/logo\/image\/","url":"https:\/\/www.hotelaromar.com\/wp-content\/uploads\/2024\/04\/Aromar-2.jpg","contentUrl":"https:\/\/www.hotelaromar.com\/wp-content\/uploads\/2024\/04\/Aromar-2.jpg","width":696,"height":696,"caption":"Hotel Aromar"},"image":{"@id":"https:\/\/www.hotelaromar.com\/de\/#\/schema\/logo\/image\/"}},{"@type":"Person","@id":"https:\/\/www.hotelaromar.com\/de\/#\/schema\/person\/e8444f3aad536cf5bdfdebb4bde6c163","name":"Comunicaci\u00f3 Integral Neorg","image":{"@type":"ImageObject","inLanguage":"de","@id":"https:\/\/secure.gravatar.com\/avatar\/709d3d8015183afa7401c02e2291a538cbfd4ffe62f4d86ce5f4871f22e86b09?s=96&d=mm&r=g","url":"https:\/\/secure.gravatar.com\/avatar\/709d3d8015183afa7401c02e2291a538cbfd4ffe62f4d86ce5f4871f22e86b09?s=96&d=mm&r=g","contentUrl":"https:\/\/secure.gravatar.com\/avatar\/709d3d8015183afa7401c02e2291a538cbfd4ffe62f4d86ce5f4871f22e86b09?s=96&d=mm&r=g","caption":"Comunicaci\u00f3 Integral Neorg"},"sameAs":["https:\/\/www.hotelaromar.com"]}]}},"_links":{"self":[{"href":"https:\/\/www.hotelaromar.com\/de\/wp-json\/wp\/v2\/posts\/7759","targetHints":{"allow":["GET"]}}],"collection":[{"href":"https:\/\/www.hotelaromar.com\/de\/wp-json\/wp\/v2\/posts"}],"about":[{"href":"https:\/\/www.hotelaromar.com\/de\/wp-json\/wp\/v2\/types\/post"}],"author":[{"embeddable":true,"href":"https:\/\/www.hotelaromar.com\/de\/wp-json\/wp\/v2\/users\/1"}],"replies":[{"embeddable":true,"href":"https:\/\/www.hotelaromar.com\/de\/wp-json\/wp\/v2\/comments?post=7759"}],"version-history":[{"count":0,"href":"https:\/\/www.hotelaromar.com\/de\/wp-json\/wp\/v2\/posts\/7759\/revisions"}],"wp:featuredmedia":[{"embeddable":true,"href":"https:\/\/www.hotelaromar.com\/de\/wp-json\/wp\/v2\/media\/7757"}],"wp:attachment":[{"href":"https:\/\/www.hotelaromar.com\/de\/wp-json\/wp\/v2\/media?parent=7759"}],"wp:term":[{"taxonomy":"category","embeddable":true,"href":"https:\/\/www.hotelaromar.com\/de\/wp-json\/wp\/v2\/categories?post=7759"},{"taxonomy":"post_tag","embeddable":true,"href":"https:\/\/www.hotelaromar.com\/de\/wp-json\/wp\/v2\/tags?post=7759"}],"curies":[{"name":"wp","href":"https:\/\/api.w.org\/{rel}","templated":true}]}}