{"id":8115,"date":"2026-07-03T12:08:33","date_gmt":"2026-07-03T10:08:33","guid":{"rendered":"https:\/\/www.hotelaromar.com\/entdecke-cami-de-ronda-s-agaro\/"},"modified":"2026-07-15T11:31:33","modified_gmt":"2026-07-15T09:31:33","slug":"entdecke-cami-de-ronda-s-agaro","status":"publish","type":"post","link":"https:\/\/www.hotelaromar.com\/de\/entdecke-cami-de-ronda-s-agaro\/","title":{"rendered":"Entdecken Sie die Costa Brava: Besuchen Sie den Cam\u00ed de Ronda, S&#8217;Agar\u00f3"},"content":{"rendered":"<p>Das Fremdenverkehrsamt von Castell-Platja d&#8217;Aro bietet Besichtigungen verschiedener Punkte der Stadt an, die man mit der Familie genie\u00dfen kann. Lernen Sie nach einem Strandtag die Gegend und ihre Geschichte kennen!<\/p>\n<h2>Cam\u00ed de Ronda, S&#8217;Agar\u00f3<\/h2>\n<p>Die Camins de Ronda umschlie\u00dfen und verbinden die Str\u00e4nde, Buchten und den Ort. Sie entstanden im 19. Jahrhundert, um die B\u00fcrger zu sch\u00fctzen, und wurden von der Gu\u00e0rdia Civil genutzt, um den illegalen Seehandel zu verhindern.<\/p>\n<p>Heute wurde er zu einer 4 Kilometer langen Strandpromenade umgestaltet, die f\u00fcr die ganze Familie geeignet ist. Von dort aus kann man das Blau des Mittelmeers und die Vegetation mit atemberaubenden Ausblicken bei einem unvergesslichen Spaziergang genie\u00dfen.<\/p>\n<p>Alle Besichtigungen finden um 19 Uhr statt<\/p>\n<p>Katalanisch-Englisch<\/p>\n<p>29. Juni<\/p>\n<p>13. und 27. Juli<\/p>\n<p>17. und 31. August<\/p>\n<p>Spanisch-Franz\u00f6sisch<\/p>\n<p>6. und 20. Juli<\/p>\n<p>10. und 24. August<\/p>\n<p>7. September<\/p>\n<h2>Cam\u00ed de Ronda und r\u00f6mische Villa von Pla de Palol<\/h2>\n<p>Die r\u00f6mische Villa von Pla de Palol stammt aus dem 1. Jahrhundert v. Chr. und ist eine der bedeutendsten r\u00f6mischen Kolonien. 1959 begannen die Ausgrabungen. Erst 1998 wurden sie der \u00d6ffentlichkeit zug\u00e4nglich gemacht.<\/p>\n<p>Hervorzuheben sind die Thermen; entdecken Sie die r\u00f6mischen Produktionsweisen, Lagerst\u00e4tten und gro\u00dfen Terrassen. Erfahren Sie bei der F\u00fchrung die Geschichte und die Geheimnisse des historischen Erbes von Platja d&#8217;Aro.<\/p>\n<p>Alle Besichtigungen finden um 19 Uhr statt<\/p>\n<p>Katalanisch-Englisch<\/p>\n<p>21. Juli<\/p>\n<p>25. August<\/p>\n<p>Spanisch-Franz\u00f6sisch<\/p>\n<p>7. Juli<\/p>\n<p>11. August<\/p>\n<p>Cam\u00ed de Ronda von S&#8217;Agar\u00f3<\/p>\n<p>Genie\u00dfen Sie die Filmgeschichte der Gegend! Ein Filmregisseur verwandelt den Cam\u00ed de Ronda von S&#8217;Agar\u00f3 in sein Filmset, wo Figuren in einer Mitmach-Auff\u00fchrung die Film\u00e4ra von Castell-Platja d&#8217;Aro wieder aufleben lassen.<\/p>\n<p>Alle Vorstellungen finden um 19 Uhr statt<\/p>\n<p>Katalanisch<\/p>\n<p>8. und 22. Juli<\/p>\n<p>5. und 26. August<\/p>\n<p>Preis: 2,50 \u20ac\/Person pro Aktivit\u00e4t<\/p>\n<p>Die Pl\u00e4tze sind begrenzt.<\/p>\n<p>Reservierung \u00fcber die Website und im Fremdenverkehrsamt<\/p>\n<p>Entdecken Sie auch die F\u00fchrungen durch die Altstadt von Castell d&#8217;Aro<\/p>\n<p>Jetzt buchen!<\/p>\n","protected":false},"excerpt":{"rendered":"<p>Das Fremdenverkehrsamt von Castell-Platja d&#8217;Aro bietet Besichtigungen verschiedener Punkte der Stadt an, die man mit der Familie genie\u00dfen kann. Lernen Sie nach einem Strandtag die Gegend und ihre Geschichte kennen! Cam\u00ed de Ronda, S&#8217;Agar\u00f3 Die Camins de Ronda umschlie\u00dfen und verbinden die Str\u00e4nde, Buchten und den Ort. Sie entstanden im 19. Jahrhundert, um die B\u00fcrger&hellip;&nbsp;<\/p>\n","protected":false},"author":1,"featured_media":10168,"comment_status":"closed","ping_status":"closed","sticky":false,"template":"","format":"standard","meta":{"_acf_changed":false,"neve_meta_sidebar":"","neve_meta_container":"","neve_meta_enable_content_width":"","neve_meta_content_width":0,"neve_meta_title_alignment":"","neve_meta_author_avatar":"","neve_post_elements_order":"","neve_meta_disable_header":"","neve_meta_disable_footer":"","neve_meta_disable_title":"","neve_meta_reading_time":"","footnotes":""},"categories":[1,40],"tags":[],"class_list":["post-8115","post","type-post","status-publish","format-standard","has-post-thumbnail","hentry","category-uncategorized-ca","category-unkategorisiert"],"acf":[],"yoast_head":"<!-- This site is optimized with the Yoast SEO plugin v28.4 - https:\/\/yoast.com\/product\/yoast-seo-wordpress\/ -->\n<title>Entdecken Sie die Costa Brava: Besuchen Sie den Cam\u00ed de Ronda, S&#039;Agar\u00f3 | Hotel Aromar<\/title>\n<meta name=\"robots\" content=\"index, follow, max-snippet:-1, max-image-preview:large, max-video-preview:-1\" \/>\n<link rel=\"canonical\" href=\"https:\/\/www.hotelaromar.com\/de\/entdecke-cami-de-ronda-s-agaro\/\" \/>\n<meta property=\"og:locale\" content=\"de_DE\" \/>\n<meta property=\"og:type\" content=\"article\" \/>\n<meta property=\"og:title\" content=\"Entdecken Sie die Costa Brava: Besuchen Sie den Cam\u00ed de Ronda, S&#039;Agar\u00f3 | Hotel Aromar\" \/>\n<meta property=\"og:description\" content=\"Das Fremdenverkehrsamt von Castell-Platja d&#8217;Aro bietet Besichtigungen verschiedener Punkte der Stadt an, die man mit der Familie genie\u00dfen kann. Lernen Sie nach einem Strandtag die Gegend und ihre Geschichte kennen! Cam\u00ed de Ronda, S&#8217;Agar\u00f3 Die Camins de Ronda umschlie\u00dfen und verbinden die Str\u00e4nde, Buchten und den Ort. Sie entstanden im 19. Jahrhundert, um die B\u00fcrger&hellip;&nbsp;\" \/>\n<meta property=\"og:url\" content=\"https:\/\/www.hotelaromar.com\/de\/entdecke-cami-de-ronda-s-agaro\/\" \/>\n<meta property=\"og:site_name\" content=\"Hotel Aromar\" \/>\n<meta property=\"article:published_time\" content=\"2026-07-03T10:08:33+00:00\" \/>\n<meta property=\"article:modified_time\" content=\"2026-07-15T09:31:33+00:00\" \/>\n<meta property=\"og:image\" content=\"https:\/\/www.hotelaromar.com\/wp-content\/uploads\/2026\/07\/FILES_ITEMS_982_SAGARO_W_1900_Q_100.jpg\" \/>\n\t<meta property=\"og:image:width\" content=\"766\" \/>\n\t<meta property=\"og:image:height\" content=\"416\" \/>\n\t<meta property=\"og:image:type\" content=\"image\/jpeg\" \/>\n<meta name=\"author\" content=\"Comunicaci\u00f3 Integral Neorg\" \/>\n<meta name=\"twitter:card\" content=\"summary_large_image\" \/>\n<meta name=\"twitter:label1\" content=\"Verfasst von\" \/>\n\t<meta name=\"twitter:data1\" content=\"Comunicaci\u00f3 Integral Neorg\" \/>\n\t<meta name=\"twitter:label2\" content=\"Gesch\u00e4tzte Lesezeit\" \/>\n\t<meta name=\"twitter:data2\" content=\"2\u00a0Minuten\" \/>\n<script type=\"application\/ld+json\" class=\"yoast-schema-graph\">{\"@context\":\"https:\\\/\\\/schema.org\",\"@graph\":[{\"@type\":\"Article\",\"@id\":\"https:\\\/\\\/www.hotelaromar.com\\\/de\\\/entdecke-cami-de-ronda-s-agaro\\\/#article\",\"isPartOf\":{\"@id\":\"https:\\\/\\\/www.hotelaromar.com\\\/de\\\/entdecke-cami-de-ronda-s-agaro\\\/\"},\"author\":{\"name\":\"Comunicaci\u00f3 Integral Neorg\",\"@id\":\"https:\\\/\\\/www.hotelaromar.com\\\/de\\\/#\\\/schema\\\/person\\\/e8444f3aad536cf5bdfdebb4bde6c163\"},\"headline\":\"Entdecken Sie die Costa Brava: Besuchen Sie den Cam\u00ed de Ronda, S&#8217;Agar\u00f3\",\"datePublished\":\"2026-07-03T10:08:33+00:00\",\"dateModified\":\"2026-07-15T09:31:33+00:00\",\"mainEntityOfPage\":{\"@id\":\"https:\\\/\\\/www.hotelaromar.com\\\/de\\\/entdecke-cami-de-ronda-s-agaro\\\/\"},\"wordCount\":323,\"publisher\":{\"@id\":\"https:\\\/\\\/www.hotelaromar.com\\\/de\\\/#organization\"},\"image\":{\"@id\":\"https:\\\/\\\/www.hotelaromar.com\\\/de\\\/entdecke-cami-de-ronda-s-agaro\\\/#primaryimage\"},\"thumbnailUrl\":\"https:\\\/\\\/www.hotelaromar.com\\\/wp-content\\\/uploads\\\/2026\\\/07\\\/costa-brava-sagaro.webp\",\"articleSection\":[\"Aromar Hotels\",\"Aromar Hotels\"],\"inLanguage\":\"de\"},{\"@type\":\"WebPage\",\"@id\":\"https:\\\/\\\/www.hotelaromar.com\\\/de\\\/entdecke-cami-de-ronda-s-agaro\\\/\",\"url\":\"https:\\\/\\\/www.hotelaromar.com\\\/de\\\/entdecke-cami-de-ronda-s-agaro\\\/\",\"name\":\"Entdecken Sie die Costa Brava: Besuchen Sie den Cam\u00ed de Ronda, S'Agar\u00f3 | Hotel Aromar\",\"isPartOf\":{\"@id\":\"https:\\\/\\\/www.hotelaromar.com\\\/de\\\/#website\"},\"primaryImageOfPage\":{\"@id\":\"https:\\\/\\\/www.hotelaromar.com\\\/de\\\/entdecke-cami-de-ronda-s-agaro\\\/#primaryimage\"},\"image\":{\"@id\":\"https:\\\/\\\/www.hotelaromar.com\\\/de\\\/entdecke-cami-de-ronda-s-agaro\\\/#primaryimage\"},\"thumbnailUrl\":\"https:\\\/\\\/www.hotelaromar.com\\\/wp-content\\\/uploads\\\/2026\\\/07\\\/costa-brava-sagaro.webp\",\"datePublished\":\"2026-07-03T10:08:33+00:00\",\"dateModified\":\"2026-07-15T09:31:33+00:00\",\"breadcrumb\":{\"@id\":\"https:\\\/\\\/www.hotelaromar.com\\\/de\\\/entdecke-cami-de-ronda-s-agaro\\\/#breadcrumb\"},\"inLanguage\":\"de\",\"potentialAction\":[{\"@type\":\"ReadAction\",\"target\":[\"https:\\\/\\\/www.hotelaromar.com\\\/de\\\/entdecke-cami-de-ronda-s-agaro\\\/\"]}]},{\"@type\":\"ImageObject\",\"inLanguage\":\"de\",\"@id\":\"https:\\\/\\\/www.hotelaromar.com\\\/de\\\/entdecke-cami-de-ronda-s-agaro\\\/#primaryimage\",\"url\":\"https:\\\/\\\/www.hotelaromar.com\\\/wp-content\\\/uploads\\\/2026\\\/07\\\/costa-brava-sagaro.webp\",\"contentUrl\":\"https:\\\/\\\/www.hotelaromar.com\\\/wp-content\\\/uploads\\\/2026\\\/07\\\/costa-brava-sagaro.webp\",\"width\":1774,\"height\":887},{\"@type\":\"BreadcrumbList\",\"@id\":\"https:\\\/\\\/www.hotelaromar.com\\\/de\\\/entdecke-cami-de-ronda-s-agaro\\\/#breadcrumb\",\"itemListElement\":[{\"@type\":\"ListItem\",\"position\":1,\"name\":\"Portada\",\"item\":\"https:\\\/\\\/www.hotelaromar.com\\\/de\\\/\"},{\"@type\":\"ListItem\",\"position\":2,\"name\":\"Entdecken Sie die Costa Brava: Besuchen Sie den Cam\u00ed de Ronda, S&#8217;Agar\u00f3\"}]},{\"@type\":\"WebSite\",\"@id\":\"https:\\\/\\\/www.hotelaromar.com\\\/de\\\/#website\",\"url\":\"https:\\\/\\\/www.hotelaromar.com\\\/de\\\/\",\"name\":\"Aromar Hotels & Restaurants\",\"description\":\"Hotel Aromar\",\"publisher\":{\"@id\":\"https:\\\/\\\/www.hotelaromar.com\\\/de\\\/#organization\"},\"alternateName\":\"Aromar Hotels & Restaurants\",\"potentialAction\":[{\"@type\":\"SearchAction\",\"target\":{\"@type\":\"EntryPoint\",\"urlTemplate\":\"https:\\\/\\\/www.hotelaromar.com\\\/de\\\/?s={search_term_string}\"},\"query-input\":{\"@type\":\"PropertyValueSpecification\",\"valueRequired\":true,\"valueName\":\"search_term_string\"}}],\"inLanguage\":\"de\"},{\"@type\":\"Organization\",\"@id\":\"https:\\\/\\\/www.hotelaromar.com\\\/de\\\/#organization\",\"name\":\"Hotel Aromar\",\"alternateName\":\"Aromar Hotels\",\"url\":\"https:\\\/\\\/www.hotelaromar.com\\\/de\\\/\",\"logo\":{\"@type\":\"ImageObject\",\"inLanguage\":\"de\",\"@id\":\"https:\\\/\\\/www.hotelaromar.com\\\/de\\\/#\\\/schema\\\/logo\\\/image\\\/\",\"url\":\"https:\\\/\\\/www.hotelaromar.com\\\/wp-content\\\/uploads\\\/2024\\\/04\\\/Aromar-2.jpg\",\"contentUrl\":\"https:\\\/\\\/www.hotelaromar.com\\\/wp-content\\\/uploads\\\/2024\\\/04\\\/Aromar-2.jpg\",\"width\":696,\"height\":696,\"caption\":\"Hotel Aromar\"},\"image\":{\"@id\":\"https:\\\/\\\/www.hotelaromar.com\\\/de\\\/#\\\/schema\\\/logo\\\/image\\\/\"}},{\"@type\":\"Person\",\"@id\":\"https:\\\/\\\/www.hotelaromar.com\\\/de\\\/#\\\/schema\\\/person\\\/e8444f3aad536cf5bdfdebb4bde6c163\",\"name\":\"Comunicaci\u00f3 Integral Neorg\",\"image\":{\"@type\":\"ImageObject\",\"inLanguage\":\"de\",\"@id\":\"https:\\\/\\\/secure.gravatar.com\\\/avatar\\\/709d3d8015183afa7401c02e2291a538cbfd4ffe62f4d86ce5f4871f22e86b09?s=96&d=mm&r=g\",\"url\":\"https:\\\/\\\/secure.gravatar.com\\\/avatar\\\/709d3d8015183afa7401c02e2291a538cbfd4ffe62f4d86ce5f4871f22e86b09?s=96&d=mm&r=g\",\"contentUrl\":\"https:\\\/\\\/secure.gravatar.com\\\/avatar\\\/709d3d8015183afa7401c02e2291a538cbfd4ffe62f4d86ce5f4871f22e86b09?s=96&d=mm&r=g\",\"caption\":\"Comunicaci\u00f3 Integral Neorg\"},\"sameAs\":[\"https:\\\/\\\/www.hotelaromar.com\"]}]}<\/script>\n<!-- \/ Yoast SEO plugin. -->","yoast_head_json":{"title":"Entdecken Sie die Costa Brava: Besuchen Sie den Cam\u00ed de Ronda, S'Agar\u00f3 | Hotel Aromar","robots":{"index":"index","follow":"follow","max-snippet":"max-snippet:-1","max-image-preview":"max-image-preview:large","max-video-preview":"max-video-preview:-1"},"canonical":"https:\/\/www.hotelaromar.com\/de\/entdecke-cami-de-ronda-s-agaro\/","og_locale":"de_DE","og_type":"article","og_title":"Entdecken Sie die Costa Brava: Besuchen Sie den Cam\u00ed de Ronda, S'Agar\u00f3 | Hotel Aromar","og_description":"Das Fremdenverkehrsamt von Castell-Platja d&#8217;Aro bietet Besichtigungen verschiedener Punkte der Stadt an, die man mit der Familie genie\u00dfen kann. Lernen Sie nach einem Strandtag die Gegend und ihre Geschichte kennen! Cam\u00ed de Ronda, S&#8217;Agar\u00f3 Die Camins de Ronda umschlie\u00dfen und verbinden die Str\u00e4nde, Buchten und den Ort. Sie entstanden im 19. Jahrhundert, um die B\u00fcrger&hellip;&nbsp;","og_url":"https:\/\/www.hotelaromar.com\/de\/entdecke-cami-de-ronda-s-agaro\/","og_site_name":"Hotel Aromar","article_published_time":"2026-07-03T10:08:33+00:00","article_modified_time":"2026-07-15T09:31:33+00:00","og_image":[{"width":766,"height":416,"url":"https:\/\/www.hotelaromar.com\/wp-content\/uploads\/2026\/07\/FILES_ITEMS_982_SAGARO_W_1900_Q_100.jpg","type":"image\/jpeg"}],"author":"Comunicaci\u00f3 Integral Neorg","twitter_card":"summary_large_image","twitter_misc":{"Verfasst von":"Comunicaci\u00f3 Integral Neorg","Gesch\u00e4tzte Lesezeit":"2\u00a0Minuten"},"schema":{"@context":"https:\/\/schema.org","@graph":[{"@type":"Article","@id":"https:\/\/www.hotelaromar.com\/de\/entdecke-cami-de-ronda-s-agaro\/#article","isPartOf":{"@id":"https:\/\/www.hotelaromar.com\/de\/entdecke-cami-de-ronda-s-agaro\/"},"author":{"name":"Comunicaci\u00f3 Integral Neorg","@id":"https:\/\/www.hotelaromar.com\/de\/#\/schema\/person\/e8444f3aad536cf5bdfdebb4bde6c163"},"headline":"Entdecken Sie die Costa Brava: Besuchen Sie den Cam\u00ed de Ronda, S&#8217;Agar\u00f3","datePublished":"2026-07-03T10:08:33+00:00","dateModified":"2026-07-15T09:31:33+00:00","mainEntityOfPage":{"@id":"https:\/\/www.hotelaromar.com\/de\/entdecke-cami-de-ronda-s-agaro\/"},"wordCount":323,"publisher":{"@id":"https:\/\/www.hotelaromar.com\/de\/#organization"},"image":{"@id":"https:\/\/www.hotelaromar.com\/de\/entdecke-cami-de-ronda-s-agaro\/#primaryimage"},"thumbnailUrl":"https:\/\/www.hotelaromar.com\/wp-content\/uploads\/2026\/07\/costa-brava-sagaro.webp","articleSection":["Aromar Hotels","Aromar Hotels"],"inLanguage":"de"},{"@type":"WebPage","@id":"https:\/\/www.hotelaromar.com\/de\/entdecke-cami-de-ronda-s-agaro\/","url":"https:\/\/www.hotelaromar.com\/de\/entdecke-cami-de-ronda-s-agaro\/","name":"Entdecken Sie die Costa Brava: Besuchen Sie den Cam\u00ed de Ronda, S'Agar\u00f3 | Hotel Aromar","isPartOf":{"@id":"https:\/\/www.hotelaromar.com\/de\/#website"},"primaryImageOfPage":{"@id":"https:\/\/www.hotelaromar.com\/de\/entdecke-cami-de-ronda-s-agaro\/#primaryimage"},"image":{"@id":"https:\/\/www.hotelaromar.com\/de\/entdecke-cami-de-ronda-s-agaro\/#primaryimage"},"thumbnailUrl":"https:\/\/www.hotelaromar.com\/wp-content\/uploads\/2026\/07\/costa-brava-sagaro.webp","datePublished":"2026-07-03T10:08:33+00:00","dateModified":"2026-07-15T09:31:33+00:00","breadcrumb":{"@id":"https:\/\/www.hotelaromar.com\/de\/entdecke-cami-de-ronda-s-agaro\/#breadcrumb"},"inLanguage":"de","potentialAction":[{"@type":"ReadAction","target":["https:\/\/www.hotelaromar.com\/de\/entdecke-cami-de-ronda-s-agaro\/"]}]},{"@type":"ImageObject","inLanguage":"de","@id":"https:\/\/www.hotelaromar.com\/de\/entdecke-cami-de-ronda-s-agaro\/#primaryimage","url":"https:\/\/www.hotelaromar.com\/wp-content\/uploads\/2026\/07\/costa-brava-sagaro.webp","contentUrl":"https:\/\/www.hotelaromar.com\/wp-content\/uploads\/2026\/07\/costa-brava-sagaro.webp","width":1774,"height":887},{"@type":"BreadcrumbList","@id":"https:\/\/www.hotelaromar.com\/de\/entdecke-cami-de-ronda-s-agaro\/#breadcrumb","itemListElement":[{"@type":"ListItem","position":1,"name":"Portada","item":"https:\/\/www.hotelaromar.com\/de\/"},{"@type":"ListItem","position":2,"name":"Entdecken Sie die Costa Brava: Besuchen Sie den Cam\u00ed de Ronda, S&#8217;Agar\u00f3"}]},{"@type":"WebSite","@id":"https:\/\/www.hotelaromar.com\/de\/#website","url":"https:\/\/www.hotelaromar.com\/de\/","name":"Aromar Hotels & Restaurants","description":"Hotel Aromar","publisher":{"@id":"https:\/\/www.hotelaromar.com\/de\/#organization"},"alternateName":"Aromar Hotels & Restaurants","potentialAction":[{"@type":"SearchAction","target":{"@type":"EntryPoint","urlTemplate":"https:\/\/www.hotelaromar.com\/de\/?s={search_term_string}"},"query-input":{"@type":"PropertyValueSpecification","valueRequired":true,"valueName":"search_term_string"}}],"inLanguage":"de"},{"@type":"Organization","@id":"https:\/\/www.hotelaromar.com\/de\/#organization","name":"Hotel Aromar","alternateName":"Aromar Hotels","url":"https:\/\/www.hotelaromar.com\/de\/","logo":{"@type":"ImageObject","inLanguage":"de","@id":"https:\/\/www.hotelaromar.com\/de\/#\/schema\/logo\/image\/","url":"https:\/\/www.hotelaromar.com\/wp-content\/uploads\/2024\/04\/Aromar-2.jpg","contentUrl":"https:\/\/www.hotelaromar.com\/wp-content\/uploads\/2024\/04\/Aromar-2.jpg","width":696,"height":696,"caption":"Hotel Aromar"},"image":{"@id":"https:\/\/www.hotelaromar.com\/de\/#\/schema\/logo\/image\/"}},{"@type":"Person","@id":"https:\/\/www.hotelaromar.com\/de\/#\/schema\/person\/e8444f3aad536cf5bdfdebb4bde6c163","name":"Comunicaci\u00f3 Integral Neorg","image":{"@type":"ImageObject","inLanguage":"de","@id":"https:\/\/secure.gravatar.com\/avatar\/709d3d8015183afa7401c02e2291a538cbfd4ffe62f4d86ce5f4871f22e86b09?s=96&d=mm&r=g","url":"https:\/\/secure.gravatar.com\/avatar\/709d3d8015183afa7401c02e2291a538cbfd4ffe62f4d86ce5f4871f22e86b09?s=96&d=mm&r=g","contentUrl":"https:\/\/secure.gravatar.com\/avatar\/709d3d8015183afa7401c02e2291a538cbfd4ffe62f4d86ce5f4871f22e86b09?s=96&d=mm&r=g","caption":"Comunicaci\u00f3 Integral Neorg"},"sameAs":["https:\/\/www.hotelaromar.com"]}]}},"_links":{"self":[{"href":"https:\/\/www.hotelaromar.com\/de\/wp-json\/wp\/v2\/posts\/8115","targetHints":{"allow":["GET"]}}],"collection":[{"href":"https:\/\/www.hotelaromar.com\/de\/wp-json\/wp\/v2\/posts"}],"about":[{"href":"https:\/\/www.hotelaromar.com\/de\/wp-json\/wp\/v2\/types\/post"}],"author":[{"embeddable":true,"href":"https:\/\/www.hotelaromar.com\/de\/wp-json\/wp\/v2\/users\/1"}],"replies":[{"embeddable":true,"href":"https:\/\/www.hotelaromar.com\/de\/wp-json\/wp\/v2\/comments?post=8115"}],"version-history":[{"count":1,"href":"https:\/\/www.hotelaromar.com\/de\/wp-json\/wp\/v2\/posts\/8115\/revisions"}],"predecessor-version":[{"id":9324,"href":"https:\/\/www.hotelaromar.com\/de\/wp-json\/wp\/v2\/posts\/8115\/revisions\/9324"}],"wp:featuredmedia":[{"embeddable":true,"href":"https:\/\/www.hotelaromar.com\/de\/wp-json\/wp\/v2\/media\/10168"}],"wp:attachment":[{"href":"https:\/\/www.hotelaromar.com\/de\/wp-json\/wp\/v2\/media?parent=8115"}],"wp:term":[{"taxonomy":"category","embeddable":true,"href":"https:\/\/www.hotelaromar.com\/de\/wp-json\/wp\/v2\/categories?post=8115"},{"taxonomy":"post_tag","embeddable":true,"href":"https:\/\/www.hotelaromar.com\/de\/wp-json\/wp\/v2\/tags?post=8115"}],"curies":[{"name":"wp","href":"https:\/\/api.w.org\/{rel}","templated":true}]}}