{"id":9327,"date":"2026-07-03T12:09:22","date_gmt":"2026-07-03T10:09:22","guid":{"rendered":"https:\/\/www.hotelaromar.com\/entdecken-sie-die-costa-brava-besichtigungen-des-cami-de-ronda-und-der-romischen-villa-von-pla-de-palol\/"},"modified":"2026-07-03T12:09:22","modified_gmt":"2026-07-03T10:09:22","slug":"entdecken-sie-die-costa-brava-besichtigungen-des-cami-de-ronda-und-der-romischen-villa-von-pla-de-palol","status":"publish","type":"post","link":"https:\/\/www.hotelaromar.com\/de\/entdecken-sie-die-costa-brava-besichtigungen-des-cami-de-ronda-und-der-romischen-villa-von-pla-de-palol\/","title":{"rendered":"Entdecken Sie die Costa Brava: Besichtigungen des Cam\u00ed de Ronda und der r\u00f6mischen Villa von Pla de Palol"},"content":{"rendered":"<h2>Finden Sie das Angebot, das am besten zu Ihnen passt<\/h2>\n<p>Das Fremdenverkehrsamt von Castell-Platja d&#8217;Aro bietet Besichtigungen verschiedener Punkte der Stadt an, die man mit der Familie genie\u00dfen kann. Lernen Sie nach einem Strandtag die Gegend und ihre Geschichte kennen!<\/p>\n<h2>Cam\u00ed de Ronda<\/h2>\n<p>Die Camins de Ronda umschlie\u00dfen und verbinden die Str\u00e4nde, Buchten und den Ort. Sie entstanden im 19. Jahrhundert, um die B\u00fcrger zu sch\u00fctzen, und wurden von der Gu\u00e0rdia Civil genutzt, um den illegalen Seehandel zu verhindern.<\/p>\n<p>Heute wurde er zu einer 4 Kilometer langen Strandpromenade umgestaltet, die f\u00fcr die ganze Familie geeignet ist. Von dort aus kann man das Blau des Mittelmeers und die Vegetation mit atemberaubenden Ausblicken bei einem unvergesslichen Spaziergang genie\u00dfen.<\/p>\n<p>Alle Besichtigungen finden um 19 Uhr statt<\/p>\n<p>Katalanisch-Englisch<\/p>\n<p>21. Juli<\/p>\n<p>25. August<\/p>\n<p>Spanisch-Franz\u00f6sisch<\/p>\n<p>7. Juli<\/p>\n<p>11. August<\/p>\n<h2>R\u00f6mische Villa von Pla de Palol<\/h2>\n<p>Die r\u00f6mische Villa von Pla de Palol stammt aus dem 1. Jahrhundert v. Chr. und ist eine der bedeutendsten r\u00f6mischen Kolonien. 1959 begannen die Ausgrabungen. Erst 1998 wurden sie der \u00d6ffentlichkeit zug\u00e4nglich gemacht.<\/p>\n<p>Hervorzuheben sind die Thermen; entdecken Sie die r\u00f6mischen Produktionsweisen, Lagerst\u00e4tten und gro\u00dfen Terrassen. Erfahren Sie bei der F\u00fchrung die Geschichte und die Geheimnisse des historischen Erbes von Platja d&#8217;Aro.<\/p>\n<h2>Weintag D.O. Portcianus in der r\u00f6mischen Villa von Pla de Palol<\/h2>\n<p>Aktivit\u00e4ten zum Gedenken und zur Feier einer der wichtigsten Wirtschaftst\u00e4tigkeiten der Region! Besichtigung der Thermen, eine traditionelle Weinlese, Aktivit\u00e4ten f\u00fcr Kinder und Weinprobe f\u00fcr Erwachsene.<\/p>\n<p>18. SEPTEMBER<\/p>\n<p>Kinder (3 bis 10 Jahre) von 11 bis 13 Uhr<\/p>\n<p>Besichtigung der Thermen 11\u201313 Uhr und 18 bis 20 Uhr (CAT\/ES\/LSC)<\/p>\n<p>Weinprobe f\u00fcr Erwachsene 18\u201320 Uhr<\/p>\n<h2>Theaterauff\u00fchrung: R\u00f6mische Villa von Pla de Palol<\/h2>\n<p>Die r\u00f6mischen Figuren Marcus und Julia zeigen uns die Geschichte der Ruinen der r\u00f6mischen Villa, die zwischen dem 1. Jahrhundert v. Chr. und dem 7. Jahrhundert n. Chr. dem Weinbau und der Tongewinnung diente, die vom nat\u00fcrlichen Hafen von Cala Rovira aus exportiert wurde.<\/p>\n<p>Alle Vorstellungen finden um 19 Uhr statt<\/p>\n<p>Katalanisch<\/p>\n<p>15. und 29. Juli<\/p>\n<p>19. August<\/p>\n<p>F\u00fcr alle Altersgruppen geeignet<\/p>\n<p>Preis: 2,50 \u20ac\/Person pro Aktivit\u00e4t<\/p>\n<p>Die Pl\u00e4tze sind begrenzt.<\/p>\n<p>Reservierung \u00fcber die Website und im Fremdenverkehrsamt<\/p>\n<p>Informieren Sie sich auch \u00fcber die F\u00fchrungen entlang des Cam\u00ed de Ronda und durch die Altstadt von Castell d&#8217;Aro<\/p>\n<p>Jetzt buchen!<\/p>\n","protected":false},"excerpt":{"rendered":"<p>Finden Sie das Angebot, das am besten zu Ihnen passt Das Fremdenverkehrsamt von Castell-Platja d&#8217;Aro bietet Besichtigungen verschiedener Punkte der Stadt an, die man mit der Familie genie\u00dfen kann. Lernen Sie nach einem Strandtag die Gegend und ihre Geschichte kennen! Cam\u00ed de Ronda Die Camins de Ronda umschlie\u00dfen und verbinden die Str\u00e4nde, Buchten und den&hellip;&nbsp;<\/p>\n","protected":false},"author":1,"featured_media":10191,"comment_status":"closed","ping_status":"closed","sticky":false,"template":"","format":"standard","meta":{"_acf_changed":false,"neve_meta_sidebar":"","neve_meta_container":"","neve_meta_enable_content_width":"","neve_meta_content_width":0,"neve_meta_title_alignment":"","neve_meta_author_avatar":"","neve_post_elements_order":"","neve_meta_disable_header":"","neve_meta_disable_footer":"","neve_meta_disable_title":"","neve_meta_reading_time":"","footnotes":""},"categories":[40,1],"tags":[],"class_list":["post-9327","post","type-post","status-publish","format-standard","has-post-thumbnail","hentry","category-unkategorisiert","category-uncategorized-ca"],"acf":[],"yoast_head":"<!-- This site is optimized with the Yoast SEO plugin v28.4 - https:\/\/yoast.com\/product\/yoast-seo-wordpress\/ -->\n<title>Entdecken Sie die Costa Brava: Besichtigungen des Cam\u00ed de Ronda und der r\u00f6mischen Villa von Pla de Palol | Hotel Aromar<\/title>\n<meta name=\"robots\" content=\"index, follow, max-snippet:-1, max-image-preview:large, max-video-preview:-1\" \/>\n<link rel=\"canonical\" href=\"https:\/\/www.hotelaromar.com\/de\/entdecken-sie-die-costa-brava-besichtigungen-des-cami-de-ronda-und-der-romischen-villa-von-pla-de-palol\/\" \/>\n<meta property=\"og:locale\" content=\"de_DE\" \/>\n<meta property=\"og:type\" content=\"article\" \/>\n<meta property=\"og:title\" content=\"Entdecken Sie die Costa Brava: Besichtigungen des Cam\u00ed de Ronda und der r\u00f6mischen Villa von Pla de Palol | Hotel Aromar\" \/>\n<meta property=\"og:description\" content=\"Finden Sie das Angebot, das am besten zu Ihnen passt Das Fremdenverkehrsamt von Castell-Platja d&#8217;Aro bietet Besichtigungen verschiedener Punkte der Stadt an, die man mit der Familie genie\u00dfen kann. Lernen Sie nach einem Strandtag die Gegend und ihre Geschichte kennen! Cam\u00ed de Ronda Die Camins de Ronda umschlie\u00dfen und verbinden die Str\u00e4nde, Buchten und den&hellip;&nbsp;\" \/>\n<meta property=\"og:url\" content=\"https:\/\/www.hotelaromar.com\/de\/entdecken-sie-die-costa-brava-besichtigungen-des-cami-de-ronda-und-der-romischen-villa-von-pla-de-palol\/\" \/>\n<meta property=\"og:site_name\" content=\"Hotel Aromar\" \/>\n<meta property=\"article:published_time\" content=\"2026-07-03T10:09:22+00:00\" \/>\n<meta property=\"og:image\" content=\"https:\/\/www.hotelaromar.com\/wp-content\/uploads\/2026\/07\/cami-de-ronda.webp\" \/>\n\t<meta property=\"og:image:width\" content=\"1774\" \/>\n\t<meta property=\"og:image:height\" content=\"887\" \/>\n\t<meta property=\"og:image:type\" content=\"image\/webp\" \/>\n<meta name=\"author\" content=\"Comunicaci\u00f3 Integral Neorg\" \/>\n<meta name=\"twitter:card\" content=\"summary_large_image\" \/>\n<meta name=\"twitter:label1\" content=\"Verfasst von\" \/>\n\t<meta name=\"twitter:data1\" content=\"Comunicaci\u00f3 Integral Neorg\" \/>\n\t<meta name=\"twitter:label2\" content=\"Gesch\u00e4tzte Lesezeit\" \/>\n\t<meta name=\"twitter:data2\" content=\"2\u00a0Minuten\" \/>\n<script type=\"application\/ld+json\" class=\"yoast-schema-graph\">{\"@context\":\"https:\\\/\\\/schema.org\",\"@graph\":[{\"@type\":\"Article\",\"@id\":\"https:\\\/\\\/www.hotelaromar.com\\\/de\\\/entdecken-sie-die-costa-brava-besichtigungen-des-cami-de-ronda-und-der-romischen-villa-von-pla-de-palol\\\/#article\",\"isPartOf\":{\"@id\":\"https:\\\/\\\/www.hotelaromar.com\\\/de\\\/entdecken-sie-die-costa-brava-besichtigungen-des-cami-de-ronda-und-der-romischen-villa-von-pla-de-palol\\\/\"},\"author\":{\"name\":\"Comunicaci\u00f3 Integral Neorg\",\"@id\":\"https:\\\/\\\/www.hotelaromar.com\\\/de\\\/#\\\/schema\\\/person\\\/e8444f3aad536cf5bdfdebb4bde6c163\"},\"headline\":\"Entdecken Sie die Costa Brava: Besichtigungen des Cam\u00ed de Ronda und der r\u00f6mischen Villa von Pla de Palol\",\"datePublished\":\"2026-07-03T10:09:22+00:00\",\"mainEntityOfPage\":{\"@id\":\"https:\\\/\\\/www.hotelaromar.com\\\/de\\\/entdecken-sie-die-costa-brava-besichtigungen-des-cami-de-ronda-und-der-romischen-villa-von-pla-de-palol\\\/\"},\"wordCount\":403,\"publisher\":{\"@id\":\"https:\\\/\\\/www.hotelaromar.com\\\/de\\\/#organization\"},\"image\":{\"@id\":\"https:\\\/\\\/www.hotelaromar.com\\\/de\\\/entdecken-sie-die-costa-brava-besichtigungen-des-cami-de-ronda-und-der-romischen-villa-von-pla-de-palol\\\/#primaryimage\"},\"thumbnailUrl\":\"https:\\\/\\\/www.hotelaromar.com\\\/wp-content\\\/uploads\\\/2026\\\/07\\\/cami-de-ronda.webp\",\"articleSection\":[\"Aromar Hotels\",\"Aromar Hotels\"],\"inLanguage\":\"de\"},{\"@type\":\"WebPage\",\"@id\":\"https:\\\/\\\/www.hotelaromar.com\\\/de\\\/entdecken-sie-die-costa-brava-besichtigungen-des-cami-de-ronda-und-der-romischen-villa-von-pla-de-palol\\\/\",\"url\":\"https:\\\/\\\/www.hotelaromar.com\\\/de\\\/entdecken-sie-die-costa-brava-besichtigungen-des-cami-de-ronda-und-der-romischen-villa-von-pla-de-palol\\\/\",\"name\":\"Entdecken Sie die Costa Brava: Besichtigungen des Cam\u00ed de Ronda und der r\u00f6mischen Villa von Pla de Palol | Hotel Aromar\",\"isPartOf\":{\"@id\":\"https:\\\/\\\/www.hotelaromar.com\\\/de\\\/#website\"},\"primaryImageOfPage\":{\"@id\":\"https:\\\/\\\/www.hotelaromar.com\\\/de\\\/entdecken-sie-die-costa-brava-besichtigungen-des-cami-de-ronda-und-der-romischen-villa-von-pla-de-palol\\\/#primaryimage\"},\"image\":{\"@id\":\"https:\\\/\\\/www.hotelaromar.com\\\/de\\\/entdecken-sie-die-costa-brava-besichtigungen-des-cami-de-ronda-und-der-romischen-villa-von-pla-de-palol\\\/#primaryimage\"},\"thumbnailUrl\":\"https:\\\/\\\/www.hotelaromar.com\\\/wp-content\\\/uploads\\\/2026\\\/07\\\/cami-de-ronda.webp\",\"datePublished\":\"2026-07-03T10:09:22+00:00\",\"breadcrumb\":{\"@id\":\"https:\\\/\\\/www.hotelaromar.com\\\/de\\\/entdecken-sie-die-costa-brava-besichtigungen-des-cami-de-ronda-und-der-romischen-villa-von-pla-de-palol\\\/#breadcrumb\"},\"inLanguage\":\"de\",\"potentialAction\":[{\"@type\":\"ReadAction\",\"target\":[\"https:\\\/\\\/www.hotelaromar.com\\\/de\\\/entdecken-sie-die-costa-brava-besichtigungen-des-cami-de-ronda-und-der-romischen-villa-von-pla-de-palol\\\/\"]}]},{\"@type\":\"ImageObject\",\"inLanguage\":\"de\",\"@id\":\"https:\\\/\\\/www.hotelaromar.com\\\/de\\\/entdecken-sie-die-costa-brava-besichtigungen-des-cami-de-ronda-und-der-romischen-villa-von-pla-de-palol\\\/#primaryimage\",\"url\":\"https:\\\/\\\/www.hotelaromar.com\\\/wp-content\\\/uploads\\\/2026\\\/07\\\/cami-de-ronda.webp\",\"contentUrl\":\"https:\\\/\\\/www.hotelaromar.com\\\/wp-content\\\/uploads\\\/2026\\\/07\\\/cami-de-ronda.webp\",\"width\":1774,\"height\":887},{\"@type\":\"BreadcrumbList\",\"@id\":\"https:\\\/\\\/www.hotelaromar.com\\\/de\\\/entdecken-sie-die-costa-brava-besichtigungen-des-cami-de-ronda-und-der-romischen-villa-von-pla-de-palol\\\/#breadcrumb\",\"itemListElement\":[{\"@type\":\"ListItem\",\"position\":1,\"name\":\"Portada\",\"item\":\"https:\\\/\\\/www.hotelaromar.com\\\/de\\\/\"},{\"@type\":\"ListItem\",\"position\":2,\"name\":\"Entdecken Sie die Costa Brava: Besichtigungen des Cam\u00ed de Ronda und der r\u00f6mischen Villa von Pla de Palol\"}]},{\"@type\":\"WebSite\",\"@id\":\"https:\\\/\\\/www.hotelaromar.com\\\/de\\\/#website\",\"url\":\"https:\\\/\\\/www.hotelaromar.com\\\/de\\\/\",\"name\":\"Aromar Hotels & Restaurants\",\"description\":\"Hotel Aromar\",\"publisher\":{\"@id\":\"https:\\\/\\\/www.hotelaromar.com\\\/de\\\/#organization\"},\"alternateName\":\"Aromar Hotels & Restaurants\",\"potentialAction\":[{\"@type\":\"SearchAction\",\"target\":{\"@type\":\"EntryPoint\",\"urlTemplate\":\"https:\\\/\\\/www.hotelaromar.com\\\/de\\\/?s={search_term_string}\"},\"query-input\":{\"@type\":\"PropertyValueSpecification\",\"valueRequired\":true,\"valueName\":\"search_term_string\"}}],\"inLanguage\":\"de\"},{\"@type\":\"Organization\",\"@id\":\"https:\\\/\\\/www.hotelaromar.com\\\/de\\\/#organization\",\"name\":\"Hotel Aromar\",\"alternateName\":\"Aromar Hotels\",\"url\":\"https:\\\/\\\/www.hotelaromar.com\\\/de\\\/\",\"logo\":{\"@type\":\"ImageObject\",\"inLanguage\":\"de\",\"@id\":\"https:\\\/\\\/www.hotelaromar.com\\\/de\\\/#\\\/schema\\\/logo\\\/image\\\/\",\"url\":\"https:\\\/\\\/www.hotelaromar.com\\\/wp-content\\\/uploads\\\/2024\\\/04\\\/Aromar-2.jpg\",\"contentUrl\":\"https:\\\/\\\/www.hotelaromar.com\\\/wp-content\\\/uploads\\\/2024\\\/04\\\/Aromar-2.jpg\",\"width\":696,\"height\":696,\"caption\":\"Hotel Aromar\"},\"image\":{\"@id\":\"https:\\\/\\\/www.hotelaromar.com\\\/de\\\/#\\\/schema\\\/logo\\\/image\\\/\"}},{\"@type\":\"Person\",\"@id\":\"https:\\\/\\\/www.hotelaromar.com\\\/de\\\/#\\\/schema\\\/person\\\/e8444f3aad536cf5bdfdebb4bde6c163\",\"name\":\"Comunicaci\u00f3 Integral Neorg\",\"image\":{\"@type\":\"ImageObject\",\"inLanguage\":\"de\",\"@id\":\"https:\\\/\\\/secure.gravatar.com\\\/avatar\\\/709d3d8015183afa7401c02e2291a538cbfd4ffe62f4d86ce5f4871f22e86b09?s=96&d=mm&r=g\",\"url\":\"https:\\\/\\\/secure.gravatar.com\\\/avatar\\\/709d3d8015183afa7401c02e2291a538cbfd4ffe62f4d86ce5f4871f22e86b09?s=96&d=mm&r=g\",\"contentUrl\":\"https:\\\/\\\/secure.gravatar.com\\\/avatar\\\/709d3d8015183afa7401c02e2291a538cbfd4ffe62f4d86ce5f4871f22e86b09?s=96&d=mm&r=g\",\"caption\":\"Comunicaci\u00f3 Integral Neorg\"},\"sameAs\":[\"https:\\\/\\\/www.hotelaromar.com\"]}]}<\/script>\n<!-- \/ Yoast SEO plugin. -->","yoast_head_json":{"title":"Entdecken Sie die Costa Brava: Besichtigungen des Cam\u00ed de Ronda und der r\u00f6mischen Villa von Pla de Palol | Hotel Aromar","robots":{"index":"index","follow":"follow","max-snippet":"max-snippet:-1","max-image-preview":"max-image-preview:large","max-video-preview":"max-video-preview:-1"},"canonical":"https:\/\/www.hotelaromar.com\/de\/entdecken-sie-die-costa-brava-besichtigungen-des-cami-de-ronda-und-der-romischen-villa-von-pla-de-palol\/","og_locale":"de_DE","og_type":"article","og_title":"Entdecken Sie die Costa Brava: Besichtigungen des Cam\u00ed de Ronda und der r\u00f6mischen Villa von Pla de Palol | Hotel Aromar","og_description":"Finden Sie das Angebot, das am besten zu Ihnen passt Das Fremdenverkehrsamt von Castell-Platja d&#8217;Aro bietet Besichtigungen verschiedener Punkte der Stadt an, die man mit der Familie genie\u00dfen kann. Lernen Sie nach einem Strandtag die Gegend und ihre Geschichte kennen! Cam\u00ed de Ronda Die Camins de Ronda umschlie\u00dfen und verbinden die Str\u00e4nde, Buchten und den&hellip;&nbsp;","og_url":"https:\/\/www.hotelaromar.com\/de\/entdecken-sie-die-costa-brava-besichtigungen-des-cami-de-ronda-und-der-romischen-villa-von-pla-de-palol\/","og_site_name":"Hotel Aromar","article_published_time":"2026-07-03T10:09:22+00:00","og_image":[{"width":1774,"height":887,"url":"https:\/\/www.hotelaromar.com\/wp-content\/uploads\/2026\/07\/cami-de-ronda.webp","type":"image\/webp"}],"author":"Comunicaci\u00f3 Integral Neorg","twitter_card":"summary_large_image","twitter_misc":{"Verfasst von":"Comunicaci\u00f3 Integral Neorg","Gesch\u00e4tzte Lesezeit":"2\u00a0Minuten"},"schema":{"@context":"https:\/\/schema.org","@graph":[{"@type":"Article","@id":"https:\/\/www.hotelaromar.com\/de\/entdecken-sie-die-costa-brava-besichtigungen-des-cami-de-ronda-und-der-romischen-villa-von-pla-de-palol\/#article","isPartOf":{"@id":"https:\/\/www.hotelaromar.com\/de\/entdecken-sie-die-costa-brava-besichtigungen-des-cami-de-ronda-und-der-romischen-villa-von-pla-de-palol\/"},"author":{"name":"Comunicaci\u00f3 Integral Neorg","@id":"https:\/\/www.hotelaromar.com\/de\/#\/schema\/person\/e8444f3aad536cf5bdfdebb4bde6c163"},"headline":"Entdecken Sie die Costa Brava: Besichtigungen des Cam\u00ed de Ronda und der r\u00f6mischen Villa von Pla de Palol","datePublished":"2026-07-03T10:09:22+00:00","mainEntityOfPage":{"@id":"https:\/\/www.hotelaromar.com\/de\/entdecken-sie-die-costa-brava-besichtigungen-des-cami-de-ronda-und-der-romischen-villa-von-pla-de-palol\/"},"wordCount":403,"publisher":{"@id":"https:\/\/www.hotelaromar.com\/de\/#organization"},"image":{"@id":"https:\/\/www.hotelaromar.com\/de\/entdecken-sie-die-costa-brava-besichtigungen-des-cami-de-ronda-und-der-romischen-villa-von-pla-de-palol\/#primaryimage"},"thumbnailUrl":"https:\/\/www.hotelaromar.com\/wp-content\/uploads\/2026\/07\/cami-de-ronda.webp","articleSection":["Aromar Hotels","Aromar Hotels"],"inLanguage":"de"},{"@type":"WebPage","@id":"https:\/\/www.hotelaromar.com\/de\/entdecken-sie-die-costa-brava-besichtigungen-des-cami-de-ronda-und-der-romischen-villa-von-pla-de-palol\/","url":"https:\/\/www.hotelaromar.com\/de\/entdecken-sie-die-costa-brava-besichtigungen-des-cami-de-ronda-und-der-romischen-villa-von-pla-de-palol\/","name":"Entdecken Sie die Costa Brava: Besichtigungen des Cam\u00ed de Ronda und der r\u00f6mischen Villa von Pla de Palol | Hotel Aromar","isPartOf":{"@id":"https:\/\/www.hotelaromar.com\/de\/#website"},"primaryImageOfPage":{"@id":"https:\/\/www.hotelaromar.com\/de\/entdecken-sie-die-costa-brava-besichtigungen-des-cami-de-ronda-und-der-romischen-villa-von-pla-de-palol\/#primaryimage"},"image":{"@id":"https:\/\/www.hotelaromar.com\/de\/entdecken-sie-die-costa-brava-besichtigungen-des-cami-de-ronda-und-der-romischen-villa-von-pla-de-palol\/#primaryimage"},"thumbnailUrl":"https:\/\/www.hotelaromar.com\/wp-content\/uploads\/2026\/07\/cami-de-ronda.webp","datePublished":"2026-07-03T10:09:22+00:00","breadcrumb":{"@id":"https:\/\/www.hotelaromar.com\/de\/entdecken-sie-die-costa-brava-besichtigungen-des-cami-de-ronda-und-der-romischen-villa-von-pla-de-palol\/#breadcrumb"},"inLanguage":"de","potentialAction":[{"@type":"ReadAction","target":["https:\/\/www.hotelaromar.com\/de\/entdecken-sie-die-costa-brava-besichtigungen-des-cami-de-ronda-und-der-romischen-villa-von-pla-de-palol\/"]}]},{"@type":"ImageObject","inLanguage":"de","@id":"https:\/\/www.hotelaromar.com\/de\/entdecken-sie-die-costa-brava-besichtigungen-des-cami-de-ronda-und-der-romischen-villa-von-pla-de-palol\/#primaryimage","url":"https:\/\/www.hotelaromar.com\/wp-content\/uploads\/2026\/07\/cami-de-ronda.webp","contentUrl":"https:\/\/www.hotelaromar.com\/wp-content\/uploads\/2026\/07\/cami-de-ronda.webp","width":1774,"height":887},{"@type":"BreadcrumbList","@id":"https:\/\/www.hotelaromar.com\/de\/entdecken-sie-die-costa-brava-besichtigungen-des-cami-de-ronda-und-der-romischen-villa-von-pla-de-palol\/#breadcrumb","itemListElement":[{"@type":"ListItem","position":1,"name":"Portada","item":"https:\/\/www.hotelaromar.com\/de\/"},{"@type":"ListItem","position":2,"name":"Entdecken Sie die Costa Brava: Besichtigungen des Cam\u00ed de Ronda und der r\u00f6mischen Villa von Pla de Palol"}]},{"@type":"WebSite","@id":"https:\/\/www.hotelaromar.com\/de\/#website","url":"https:\/\/www.hotelaromar.com\/de\/","name":"Aromar Hotels & Restaurants","description":"Hotel Aromar","publisher":{"@id":"https:\/\/www.hotelaromar.com\/de\/#organization"},"alternateName":"Aromar Hotels & Restaurants","potentialAction":[{"@type":"SearchAction","target":{"@type":"EntryPoint","urlTemplate":"https:\/\/www.hotelaromar.com\/de\/?s={search_term_string}"},"query-input":{"@type":"PropertyValueSpecification","valueRequired":true,"valueName":"search_term_string"}}],"inLanguage":"de"},{"@type":"Organization","@id":"https:\/\/www.hotelaromar.com\/de\/#organization","name":"Hotel Aromar","alternateName":"Aromar Hotels","url":"https:\/\/www.hotelaromar.com\/de\/","logo":{"@type":"ImageObject","inLanguage":"de","@id":"https:\/\/www.hotelaromar.com\/de\/#\/schema\/logo\/image\/","url":"https:\/\/www.hotelaromar.com\/wp-content\/uploads\/2024\/04\/Aromar-2.jpg","contentUrl":"https:\/\/www.hotelaromar.com\/wp-content\/uploads\/2024\/04\/Aromar-2.jpg","width":696,"height":696,"caption":"Hotel Aromar"},"image":{"@id":"https:\/\/www.hotelaromar.com\/de\/#\/schema\/logo\/image\/"}},{"@type":"Person","@id":"https:\/\/www.hotelaromar.com\/de\/#\/schema\/person\/e8444f3aad536cf5bdfdebb4bde6c163","name":"Comunicaci\u00f3 Integral Neorg","image":{"@type":"ImageObject","inLanguage":"de","@id":"https:\/\/secure.gravatar.com\/avatar\/709d3d8015183afa7401c02e2291a538cbfd4ffe62f4d86ce5f4871f22e86b09?s=96&d=mm&r=g","url":"https:\/\/secure.gravatar.com\/avatar\/709d3d8015183afa7401c02e2291a538cbfd4ffe62f4d86ce5f4871f22e86b09?s=96&d=mm&r=g","contentUrl":"https:\/\/secure.gravatar.com\/avatar\/709d3d8015183afa7401c02e2291a538cbfd4ffe62f4d86ce5f4871f22e86b09?s=96&d=mm&r=g","caption":"Comunicaci\u00f3 Integral Neorg"},"sameAs":["https:\/\/www.hotelaromar.com"]}]}},"_links":{"self":[{"href":"https:\/\/www.hotelaromar.com\/de\/wp-json\/wp\/v2\/posts\/9327","targetHints":{"allow":["GET"]}}],"collection":[{"href":"https:\/\/www.hotelaromar.com\/de\/wp-json\/wp\/v2\/posts"}],"about":[{"href":"https:\/\/www.hotelaromar.com\/de\/wp-json\/wp\/v2\/types\/post"}],"author":[{"embeddable":true,"href":"https:\/\/www.hotelaromar.com\/de\/wp-json\/wp\/v2\/users\/1"}],"replies":[{"embeddable":true,"href":"https:\/\/www.hotelaromar.com\/de\/wp-json\/wp\/v2\/comments?post=9327"}],"version-history":[{"count":0,"href":"https:\/\/www.hotelaromar.com\/de\/wp-json\/wp\/v2\/posts\/9327\/revisions"}],"wp:featuredmedia":[{"embeddable":true,"href":"https:\/\/www.hotelaromar.com\/de\/wp-json\/wp\/v2\/media\/10191"}],"wp:attachment":[{"href":"https:\/\/www.hotelaromar.com\/de\/wp-json\/wp\/v2\/media?parent=9327"}],"wp:term":[{"taxonomy":"category","embeddable":true,"href":"https:\/\/www.hotelaromar.com\/de\/wp-json\/wp\/v2\/categories?post=9327"},{"taxonomy":"post_tag","embeddable":true,"href":"https:\/\/www.hotelaromar.com\/de\/wp-json\/wp\/v2\/tags?post=9327"}],"curies":[{"name":"wp","href":"https:\/\/api.w.org\/{rel}","templated":true}]}}