{"id":9329,"date":"2026-07-03T12:10:04","date_gmt":"2026-07-03T10:10:04","guid":{"rendered":"https:\/\/www.hotelaromar.com\/entdecken-sie-die-costa-brava-besuche-im-parc-dels-estanys-und-besuch-des-bauernhofs-mit-den-kindern\/"},"modified":"2026-07-03T12:10:04","modified_gmt":"2026-07-03T10:10:04","slug":"entdecken-sie-die-costa-brava-besuche-im-parc-dels-estanys-und-besuch-des-bauernhofs-mit-den-kindern","status":"publish","type":"post","link":"https:\/\/www.hotelaromar.com\/de\/entdecken-sie-die-costa-brava-besuche-im-parc-dels-estanys-und-besuch-des-bauernhofs-mit-den-kindern\/","title":{"rendered":"Entdecken Sie die Costa Brava: Besuche im Parc dels Estanys und Besuch des Bauernhofs mit den Kindern!"},"content":{"rendered":"<p>Das Fremdenverkehrsamt von Castell-Platja d&#8217;Aro bietet Besichtigungen verschiedener Punkte der Stadt an, die man mit der Familie genie\u00dfen kann. Lernen Sie nach einem Strandtag die Gegend und ihre Geschichte kennen!<\/p>\n<h2>Besuch des Parc dels Estanys<\/h2>\n<p>Entdecken Sie bei dieser skulpturalen F\u00fchrung den k\u00fcnstlerischen Teil, der in den 2012 er\u00f6ffneten Naturraum eingebettet ist. Es handelt sich um ein Freilichtmuseum, in dem sich einheimische V\u00f6gel mit Kunstausstellungen vermischen.<\/p>\n<p>Alle Besichtigungen finden um 19 Uhr statt<\/p>\n<p>Katalanisch<\/p>\n<p>14. Juli<\/p>\n<p>1. September<\/p>\n<p>Spanisch<\/p>\n<p>4. und 18. August<\/p>\n<p>Naturkundliche F\u00fchrung durch den Parc dels Estanys<\/p>\n<p>Bei dieser naturkundlichen F\u00fchrung kann die ganze Familie den Naturreichtum des Naturparks von Platja d&#8217;Aro kennenlernen, den Wasserkreislauf, die Flora und die Fauna entdecken. \u00dcber 250 Arten leben im Park oder nutzen ihn w\u00e4hrend der Zugzeiten als Rastplatz! Werden Sie das Gl\u00fcck haben, einige davon zu sehen?<\/p>\n<p>Alle Besichtigungen finden um 19 Uhr statt<\/p>\n<p>Katalanisch-Spanisch<\/p>\n<p>16. und 30. Juli<\/p>\n<p>13. und 27. August<\/p>\n<p>Theaterauff\u00fchrung: Magische Geschichten im Parc dels Estanys<\/p>\n<p>Der Parc dels Estanys ist ein Naturraum, der sich perfekt eignet, um magische Geschichten mit fantastischen Figuren zu h\u00f6ren. Nach den Geschichten kann man den Park genie\u00dfen, wo Freiluftskulpturen umgeben vom Lebensraum der Gegend zu finden sind.<\/p>\n<p>Alle Vorstellungen finden um 19 Uhr statt<\/p>\n<p>Katalanisch<\/p>\n<p>11. Juli<\/p>\n<p>1. August<\/p>\n<p>Ab 3 Jahren<\/p>\n<h2>Gehen wir auf den Bauernhof?<\/h2>\n<p>Auch f\u00fcr die Kleinsten gibt es Spa\u00df. Im Landhaus Can Juanals dels Eroles werden die Kinder f\u00fcr einen Tag zu Landwirten. Dort k\u00f6nnen sie den Nachmittag mit den Tieren des Bauernhofs verbringen, sie kennenlernen, streicheln und f\u00fcttern.<\/p>\n<p>Katalanisch<\/p>\n<p>18.30 Uhr<\/p>\n<p>4. und 18. Juli<\/p>\n<p>29. August<\/p>\n<p>Kinder von 3 bis 7 Jahren<\/p>\n<p>Aktivit\u00e4t auf Katalanisch<\/p>\n<p>Katalanisch<\/p>\n<p>17.30 Uhr<\/p>\n<p>17. September<\/p>\n<p>F\u00fcr Menschen mit Autismus-Spektrum-St\u00f6rung angepasster Besuch<\/p>\n<p>Preis: 2,50 \u20ac\/Person pro Aktivit\u00e4t<\/p>\n<p>Die Pl\u00e4tze sind begrenzt.<\/p>\n<p>Reservierung \u00fcber die Website und im Fremdenverkehrsamt<\/p>\n<p>Um weitere Aktivit\u00e4ten in Platja d&#8217;Aro zu sehen, besuchen Sie unseren Bereich NEUIGKEITEN<\/p>\n<p>Jetzt buchen!<\/p>\n","protected":false},"excerpt":{"rendered":"<p>Das Fremdenverkehrsamt von Castell-Platja d&#8217;Aro bietet Besichtigungen verschiedener Punkte der Stadt an, die man mit der Familie genie\u00dfen kann. Lernen Sie nach einem Strandtag die Gegend und ihre Geschichte kennen! Besuch des Parc dels Estanys Entdecken Sie bei dieser skulpturalen F\u00fchrung den k\u00fcnstlerischen Teil, der in den 2012 er\u00f6ffneten Naturraum eingebettet ist. Es handelt sich&hellip;&nbsp;<\/p>\n","protected":false},"author":1,"featured_media":10181,"comment_status":"closed","ping_status":"closed","sticky":false,"template":"","format":"standard","meta":{"_acf_changed":false,"neve_meta_sidebar":"","neve_meta_container":"","neve_meta_enable_content_width":"","neve_meta_content_width":0,"neve_meta_title_alignment":"","neve_meta_author_avatar":"","neve_post_elements_order":"","neve_meta_disable_header":"","neve_meta_disable_footer":"","neve_meta_disable_title":"","neve_meta_reading_time":"","footnotes":""},"categories":[1,40],"tags":[],"class_list":["post-9329","post","type-post","status-publish","format-standard","has-post-thumbnail","hentry","category-uncategorized-ca","category-unkategorisiert"],"acf":[],"yoast_head":"<!-- This site is optimized with the Yoast SEO plugin v28.4 - https:\/\/yoast.com\/product\/yoast-seo-wordpress\/ -->\n<title>Entdecken Sie die Costa Brava: Besuche im Parc dels Estanys und Besuch des Bauernhofs mit den Kindern! | Hotel Aromar<\/title>\n<meta name=\"robots\" content=\"index, follow, max-snippet:-1, max-image-preview:large, max-video-preview:-1\" \/>\n<link rel=\"canonical\" href=\"https:\/\/www.hotelaromar.com\/de\/entdecken-sie-die-costa-brava-besuche-im-parc-dels-estanys-und-besuch-des-bauernhofs-mit-den-kindern\/\" \/>\n<meta property=\"og:locale\" content=\"de_DE\" \/>\n<meta property=\"og:type\" content=\"article\" \/>\n<meta property=\"og:title\" content=\"Entdecken Sie die Costa Brava: Besuche im Parc dels Estanys und Besuch des Bauernhofs mit den Kindern! | Hotel Aromar\" \/>\n<meta property=\"og:description\" content=\"Das Fremdenverkehrsamt von Castell-Platja d&#8217;Aro bietet Besichtigungen verschiedener Punkte der Stadt an, die man mit der Familie genie\u00dfen kann. Lernen Sie nach einem Strandtag die Gegend und ihre Geschichte kennen! Besuch des Parc dels Estanys Entdecken Sie bei dieser skulpturalen F\u00fchrung den k\u00fcnstlerischen Teil, der in den 2012 er\u00f6ffneten Naturraum eingebettet ist. Es handelt sich&hellip;&nbsp;\" \/>\n<meta property=\"og:url\" content=\"https:\/\/www.hotelaromar.com\/de\/entdecken-sie-die-costa-brava-besuche-im-parc-dels-estanys-und-besuch-des-bauernhofs-mit-den-kindern\/\" \/>\n<meta property=\"og:site_name\" content=\"Hotel Aromar\" \/>\n<meta property=\"article:published_time\" content=\"2026-07-03T10:10:04+00:00\" \/>\n<meta property=\"og:image\" content=\"https:\/\/www.hotelaromar.com\/wp-content\/uploads\/2026\/07\/parc-estanys.webp\" \/>\n\t<meta property=\"og:image:width\" content=\"1774\" \/>\n\t<meta property=\"og:image:height\" content=\"887\" \/>\n\t<meta property=\"og:image:type\" content=\"image\/webp\" \/>\n<meta name=\"author\" content=\"Comunicaci\u00f3 Integral Neorg\" \/>\n<meta name=\"twitter:card\" content=\"summary_large_image\" \/>\n<meta name=\"twitter:label1\" content=\"Verfasst von\" \/>\n\t<meta name=\"twitter:data1\" content=\"Comunicaci\u00f3 Integral Neorg\" \/>\n\t<meta name=\"twitter:label2\" content=\"Gesch\u00e4tzte Lesezeit\" \/>\n\t<meta name=\"twitter:data2\" content=\"2\u00a0Minuten\" \/>\n<script type=\"application\/ld+json\" class=\"yoast-schema-graph\">{\"@context\":\"https:\\\/\\\/schema.org\",\"@graph\":[{\"@type\":\"Article\",\"@id\":\"https:\\\/\\\/www.hotelaromar.com\\\/de\\\/entdecken-sie-die-costa-brava-besuche-im-parc-dels-estanys-und-besuch-des-bauernhofs-mit-den-kindern\\\/#article\",\"isPartOf\":{\"@id\":\"https:\\\/\\\/www.hotelaromar.com\\\/de\\\/entdecken-sie-die-costa-brava-besuche-im-parc-dels-estanys-und-besuch-des-bauernhofs-mit-den-kindern\\\/\"},\"author\":{\"name\":\"Comunicaci\u00f3 Integral Neorg\",\"@id\":\"https:\\\/\\\/www.hotelaromar.com\\\/de\\\/#\\\/schema\\\/person\\\/e8444f3aad536cf5bdfdebb4bde6c163\"},\"headline\":\"Entdecken Sie die Costa Brava: Besuche im Parc dels Estanys und Besuch des Bauernhofs mit den Kindern!\",\"datePublished\":\"2026-07-03T10:10:04+00:00\",\"mainEntityOfPage\":{\"@id\":\"https:\\\/\\\/www.hotelaromar.com\\\/de\\\/entdecken-sie-die-costa-brava-besuche-im-parc-dels-estanys-und-besuch-des-bauernhofs-mit-den-kindern\\\/\"},\"wordCount\":331,\"publisher\":{\"@id\":\"https:\\\/\\\/www.hotelaromar.com\\\/de\\\/#organization\"},\"image\":{\"@id\":\"https:\\\/\\\/www.hotelaromar.com\\\/de\\\/entdecken-sie-die-costa-brava-besuche-im-parc-dels-estanys-und-besuch-des-bauernhofs-mit-den-kindern\\\/#primaryimage\"},\"thumbnailUrl\":\"https:\\\/\\\/www.hotelaromar.com\\\/wp-content\\\/uploads\\\/2026\\\/07\\\/parc-estanys.webp\",\"articleSection\":[\"Aromar Hotels\",\"Aromar Hotels\"],\"inLanguage\":\"de\"},{\"@type\":\"WebPage\",\"@id\":\"https:\\\/\\\/www.hotelaromar.com\\\/de\\\/entdecken-sie-die-costa-brava-besuche-im-parc-dels-estanys-und-besuch-des-bauernhofs-mit-den-kindern\\\/\",\"url\":\"https:\\\/\\\/www.hotelaromar.com\\\/de\\\/entdecken-sie-die-costa-brava-besuche-im-parc-dels-estanys-und-besuch-des-bauernhofs-mit-den-kindern\\\/\",\"name\":\"Entdecken Sie die Costa Brava: Besuche im Parc dels Estanys und Besuch des Bauernhofs mit den Kindern! | Hotel Aromar\",\"isPartOf\":{\"@id\":\"https:\\\/\\\/www.hotelaromar.com\\\/de\\\/#website\"},\"primaryImageOfPage\":{\"@id\":\"https:\\\/\\\/www.hotelaromar.com\\\/de\\\/entdecken-sie-die-costa-brava-besuche-im-parc-dels-estanys-und-besuch-des-bauernhofs-mit-den-kindern\\\/#primaryimage\"},\"image\":{\"@id\":\"https:\\\/\\\/www.hotelaromar.com\\\/de\\\/entdecken-sie-die-costa-brava-besuche-im-parc-dels-estanys-und-besuch-des-bauernhofs-mit-den-kindern\\\/#primaryimage\"},\"thumbnailUrl\":\"https:\\\/\\\/www.hotelaromar.com\\\/wp-content\\\/uploads\\\/2026\\\/07\\\/parc-estanys.webp\",\"datePublished\":\"2026-07-03T10:10:04+00:00\",\"breadcrumb\":{\"@id\":\"https:\\\/\\\/www.hotelaromar.com\\\/de\\\/entdecken-sie-die-costa-brava-besuche-im-parc-dels-estanys-und-besuch-des-bauernhofs-mit-den-kindern\\\/#breadcrumb\"},\"inLanguage\":\"de\",\"potentialAction\":[{\"@type\":\"ReadAction\",\"target\":[\"https:\\\/\\\/www.hotelaromar.com\\\/de\\\/entdecken-sie-die-costa-brava-besuche-im-parc-dels-estanys-und-besuch-des-bauernhofs-mit-den-kindern\\\/\"]}]},{\"@type\":\"ImageObject\",\"inLanguage\":\"de\",\"@id\":\"https:\\\/\\\/www.hotelaromar.com\\\/de\\\/entdecken-sie-die-costa-brava-besuche-im-parc-dels-estanys-und-besuch-des-bauernhofs-mit-den-kindern\\\/#primaryimage\",\"url\":\"https:\\\/\\\/www.hotelaromar.com\\\/wp-content\\\/uploads\\\/2026\\\/07\\\/parc-estanys.webp\",\"contentUrl\":\"https:\\\/\\\/www.hotelaromar.com\\\/wp-content\\\/uploads\\\/2026\\\/07\\\/parc-estanys.webp\",\"width\":1774,\"height\":887},{\"@type\":\"BreadcrumbList\",\"@id\":\"https:\\\/\\\/www.hotelaromar.com\\\/de\\\/entdecken-sie-die-costa-brava-besuche-im-parc-dels-estanys-und-besuch-des-bauernhofs-mit-den-kindern\\\/#breadcrumb\",\"itemListElement\":[{\"@type\":\"ListItem\",\"position\":1,\"name\":\"Portada\",\"item\":\"https:\\\/\\\/www.hotelaromar.com\\\/de\\\/\"},{\"@type\":\"ListItem\",\"position\":2,\"name\":\"Entdecken Sie die Costa Brava: Besuche im Parc dels Estanys und Besuch des Bauernhofs mit den Kindern!\"}]},{\"@type\":\"WebSite\",\"@id\":\"https:\\\/\\\/www.hotelaromar.com\\\/de\\\/#website\",\"url\":\"https:\\\/\\\/www.hotelaromar.com\\\/de\\\/\",\"name\":\"Aromar Hotels & Restaurants\",\"description\":\"Hotel Aromar\",\"publisher\":{\"@id\":\"https:\\\/\\\/www.hotelaromar.com\\\/de\\\/#organization\"},\"alternateName\":\"Aromar Hotels & Restaurants\",\"potentialAction\":[{\"@type\":\"SearchAction\",\"target\":{\"@type\":\"EntryPoint\",\"urlTemplate\":\"https:\\\/\\\/www.hotelaromar.com\\\/de\\\/?s={search_term_string}\"},\"query-input\":{\"@type\":\"PropertyValueSpecification\",\"valueRequired\":true,\"valueName\":\"search_term_string\"}}],\"inLanguage\":\"de\"},{\"@type\":\"Organization\",\"@id\":\"https:\\\/\\\/www.hotelaromar.com\\\/de\\\/#organization\",\"name\":\"Hotel Aromar\",\"alternateName\":\"Aromar Hotels\",\"url\":\"https:\\\/\\\/www.hotelaromar.com\\\/de\\\/\",\"logo\":{\"@type\":\"ImageObject\",\"inLanguage\":\"de\",\"@id\":\"https:\\\/\\\/www.hotelaromar.com\\\/de\\\/#\\\/schema\\\/logo\\\/image\\\/\",\"url\":\"https:\\\/\\\/www.hotelaromar.com\\\/wp-content\\\/uploads\\\/2024\\\/04\\\/Aromar-2.jpg\",\"contentUrl\":\"https:\\\/\\\/www.hotelaromar.com\\\/wp-content\\\/uploads\\\/2024\\\/04\\\/Aromar-2.jpg\",\"width\":696,\"height\":696,\"caption\":\"Hotel Aromar\"},\"image\":{\"@id\":\"https:\\\/\\\/www.hotelaromar.com\\\/de\\\/#\\\/schema\\\/logo\\\/image\\\/\"}},{\"@type\":\"Person\",\"@id\":\"https:\\\/\\\/www.hotelaromar.com\\\/de\\\/#\\\/schema\\\/person\\\/e8444f3aad536cf5bdfdebb4bde6c163\",\"name\":\"Comunicaci\u00f3 Integral Neorg\",\"image\":{\"@type\":\"ImageObject\",\"inLanguage\":\"de\",\"@id\":\"https:\\\/\\\/secure.gravatar.com\\\/avatar\\\/709d3d8015183afa7401c02e2291a538cbfd4ffe62f4d86ce5f4871f22e86b09?s=96&d=mm&r=g\",\"url\":\"https:\\\/\\\/secure.gravatar.com\\\/avatar\\\/709d3d8015183afa7401c02e2291a538cbfd4ffe62f4d86ce5f4871f22e86b09?s=96&d=mm&r=g\",\"contentUrl\":\"https:\\\/\\\/secure.gravatar.com\\\/avatar\\\/709d3d8015183afa7401c02e2291a538cbfd4ffe62f4d86ce5f4871f22e86b09?s=96&d=mm&r=g\",\"caption\":\"Comunicaci\u00f3 Integral Neorg\"},\"sameAs\":[\"https:\\\/\\\/www.hotelaromar.com\"]}]}<\/script>\n<!-- \/ Yoast SEO plugin. -->","yoast_head_json":{"title":"Entdecken Sie die Costa Brava: Besuche im Parc dels Estanys und Besuch des Bauernhofs mit den Kindern! | Hotel Aromar","robots":{"index":"index","follow":"follow","max-snippet":"max-snippet:-1","max-image-preview":"max-image-preview:large","max-video-preview":"max-video-preview:-1"},"canonical":"https:\/\/www.hotelaromar.com\/de\/entdecken-sie-die-costa-brava-besuche-im-parc-dels-estanys-und-besuch-des-bauernhofs-mit-den-kindern\/","og_locale":"de_DE","og_type":"article","og_title":"Entdecken Sie die Costa Brava: Besuche im Parc dels Estanys und Besuch des Bauernhofs mit den Kindern! | Hotel Aromar","og_description":"Das Fremdenverkehrsamt von Castell-Platja d&#8217;Aro bietet Besichtigungen verschiedener Punkte der Stadt an, die man mit der Familie genie\u00dfen kann. Lernen Sie nach einem Strandtag die Gegend und ihre Geschichte kennen! Besuch des Parc dels Estanys Entdecken Sie bei dieser skulpturalen F\u00fchrung den k\u00fcnstlerischen Teil, der in den 2012 er\u00f6ffneten Naturraum eingebettet ist. Es handelt sich&hellip;&nbsp;","og_url":"https:\/\/www.hotelaromar.com\/de\/entdecken-sie-die-costa-brava-besuche-im-parc-dels-estanys-und-besuch-des-bauernhofs-mit-den-kindern\/","og_site_name":"Hotel Aromar","article_published_time":"2026-07-03T10:10:04+00:00","og_image":[{"width":1774,"height":887,"url":"https:\/\/www.hotelaromar.com\/wp-content\/uploads\/2026\/07\/parc-estanys.webp","type":"image\/webp"}],"author":"Comunicaci\u00f3 Integral Neorg","twitter_card":"summary_large_image","twitter_misc":{"Verfasst von":"Comunicaci\u00f3 Integral Neorg","Gesch\u00e4tzte Lesezeit":"2\u00a0Minuten"},"schema":{"@context":"https:\/\/schema.org","@graph":[{"@type":"Article","@id":"https:\/\/www.hotelaromar.com\/de\/entdecken-sie-die-costa-brava-besuche-im-parc-dels-estanys-und-besuch-des-bauernhofs-mit-den-kindern\/#article","isPartOf":{"@id":"https:\/\/www.hotelaromar.com\/de\/entdecken-sie-die-costa-brava-besuche-im-parc-dels-estanys-und-besuch-des-bauernhofs-mit-den-kindern\/"},"author":{"name":"Comunicaci\u00f3 Integral Neorg","@id":"https:\/\/www.hotelaromar.com\/de\/#\/schema\/person\/e8444f3aad536cf5bdfdebb4bde6c163"},"headline":"Entdecken Sie die Costa Brava: Besuche im Parc dels Estanys und Besuch des Bauernhofs mit den Kindern!","datePublished":"2026-07-03T10:10:04+00:00","mainEntityOfPage":{"@id":"https:\/\/www.hotelaromar.com\/de\/entdecken-sie-die-costa-brava-besuche-im-parc-dels-estanys-und-besuch-des-bauernhofs-mit-den-kindern\/"},"wordCount":331,"publisher":{"@id":"https:\/\/www.hotelaromar.com\/de\/#organization"},"image":{"@id":"https:\/\/www.hotelaromar.com\/de\/entdecken-sie-die-costa-brava-besuche-im-parc-dels-estanys-und-besuch-des-bauernhofs-mit-den-kindern\/#primaryimage"},"thumbnailUrl":"https:\/\/www.hotelaromar.com\/wp-content\/uploads\/2026\/07\/parc-estanys.webp","articleSection":["Aromar Hotels","Aromar Hotels"],"inLanguage":"de"},{"@type":"WebPage","@id":"https:\/\/www.hotelaromar.com\/de\/entdecken-sie-die-costa-brava-besuche-im-parc-dels-estanys-und-besuch-des-bauernhofs-mit-den-kindern\/","url":"https:\/\/www.hotelaromar.com\/de\/entdecken-sie-die-costa-brava-besuche-im-parc-dels-estanys-und-besuch-des-bauernhofs-mit-den-kindern\/","name":"Entdecken Sie die Costa Brava: Besuche im Parc dels Estanys und Besuch des Bauernhofs mit den Kindern! | Hotel Aromar","isPartOf":{"@id":"https:\/\/www.hotelaromar.com\/de\/#website"},"primaryImageOfPage":{"@id":"https:\/\/www.hotelaromar.com\/de\/entdecken-sie-die-costa-brava-besuche-im-parc-dels-estanys-und-besuch-des-bauernhofs-mit-den-kindern\/#primaryimage"},"image":{"@id":"https:\/\/www.hotelaromar.com\/de\/entdecken-sie-die-costa-brava-besuche-im-parc-dels-estanys-und-besuch-des-bauernhofs-mit-den-kindern\/#primaryimage"},"thumbnailUrl":"https:\/\/www.hotelaromar.com\/wp-content\/uploads\/2026\/07\/parc-estanys.webp","datePublished":"2026-07-03T10:10:04+00:00","breadcrumb":{"@id":"https:\/\/www.hotelaromar.com\/de\/entdecken-sie-die-costa-brava-besuche-im-parc-dels-estanys-und-besuch-des-bauernhofs-mit-den-kindern\/#breadcrumb"},"inLanguage":"de","potentialAction":[{"@type":"ReadAction","target":["https:\/\/www.hotelaromar.com\/de\/entdecken-sie-die-costa-brava-besuche-im-parc-dels-estanys-und-besuch-des-bauernhofs-mit-den-kindern\/"]}]},{"@type":"ImageObject","inLanguage":"de","@id":"https:\/\/www.hotelaromar.com\/de\/entdecken-sie-die-costa-brava-besuche-im-parc-dels-estanys-und-besuch-des-bauernhofs-mit-den-kindern\/#primaryimage","url":"https:\/\/www.hotelaromar.com\/wp-content\/uploads\/2026\/07\/parc-estanys.webp","contentUrl":"https:\/\/www.hotelaromar.com\/wp-content\/uploads\/2026\/07\/parc-estanys.webp","width":1774,"height":887},{"@type":"BreadcrumbList","@id":"https:\/\/www.hotelaromar.com\/de\/entdecken-sie-die-costa-brava-besuche-im-parc-dels-estanys-und-besuch-des-bauernhofs-mit-den-kindern\/#breadcrumb","itemListElement":[{"@type":"ListItem","position":1,"name":"Portada","item":"https:\/\/www.hotelaromar.com\/de\/"},{"@type":"ListItem","position":2,"name":"Entdecken Sie die Costa Brava: Besuche im Parc dels Estanys und Besuch des Bauernhofs mit den Kindern!"}]},{"@type":"WebSite","@id":"https:\/\/www.hotelaromar.com\/de\/#website","url":"https:\/\/www.hotelaromar.com\/de\/","name":"Aromar Hotels & Restaurants","description":"Hotel Aromar","publisher":{"@id":"https:\/\/www.hotelaromar.com\/de\/#organization"},"alternateName":"Aromar Hotels & Restaurants","potentialAction":[{"@type":"SearchAction","target":{"@type":"EntryPoint","urlTemplate":"https:\/\/www.hotelaromar.com\/de\/?s={search_term_string}"},"query-input":{"@type":"PropertyValueSpecification","valueRequired":true,"valueName":"search_term_string"}}],"inLanguage":"de"},{"@type":"Organization","@id":"https:\/\/www.hotelaromar.com\/de\/#organization","name":"Hotel Aromar","alternateName":"Aromar Hotels","url":"https:\/\/www.hotelaromar.com\/de\/","logo":{"@type":"ImageObject","inLanguage":"de","@id":"https:\/\/www.hotelaromar.com\/de\/#\/schema\/logo\/image\/","url":"https:\/\/www.hotelaromar.com\/wp-content\/uploads\/2024\/04\/Aromar-2.jpg","contentUrl":"https:\/\/www.hotelaromar.com\/wp-content\/uploads\/2024\/04\/Aromar-2.jpg","width":696,"height":696,"caption":"Hotel Aromar"},"image":{"@id":"https:\/\/www.hotelaromar.com\/de\/#\/schema\/logo\/image\/"}},{"@type":"Person","@id":"https:\/\/www.hotelaromar.com\/de\/#\/schema\/person\/e8444f3aad536cf5bdfdebb4bde6c163","name":"Comunicaci\u00f3 Integral Neorg","image":{"@type":"ImageObject","inLanguage":"de","@id":"https:\/\/secure.gravatar.com\/avatar\/709d3d8015183afa7401c02e2291a538cbfd4ffe62f4d86ce5f4871f22e86b09?s=96&d=mm&r=g","url":"https:\/\/secure.gravatar.com\/avatar\/709d3d8015183afa7401c02e2291a538cbfd4ffe62f4d86ce5f4871f22e86b09?s=96&d=mm&r=g","contentUrl":"https:\/\/secure.gravatar.com\/avatar\/709d3d8015183afa7401c02e2291a538cbfd4ffe62f4d86ce5f4871f22e86b09?s=96&d=mm&r=g","caption":"Comunicaci\u00f3 Integral Neorg"},"sameAs":["https:\/\/www.hotelaromar.com"]}]}},"_links":{"self":[{"href":"https:\/\/www.hotelaromar.com\/de\/wp-json\/wp\/v2\/posts\/9329","targetHints":{"allow":["GET"]}}],"collection":[{"href":"https:\/\/www.hotelaromar.com\/de\/wp-json\/wp\/v2\/posts"}],"about":[{"href":"https:\/\/www.hotelaromar.com\/de\/wp-json\/wp\/v2\/types\/post"}],"author":[{"embeddable":true,"href":"https:\/\/www.hotelaromar.com\/de\/wp-json\/wp\/v2\/users\/1"}],"replies":[{"embeddable":true,"href":"https:\/\/www.hotelaromar.com\/de\/wp-json\/wp\/v2\/comments?post=9329"}],"version-history":[{"count":0,"href":"https:\/\/www.hotelaromar.com\/de\/wp-json\/wp\/v2\/posts\/9329\/revisions"}],"wp:featuredmedia":[{"embeddable":true,"href":"https:\/\/www.hotelaromar.com\/de\/wp-json\/wp\/v2\/media\/10181"}],"wp:attachment":[{"href":"https:\/\/www.hotelaromar.com\/de\/wp-json\/wp\/v2\/media?parent=9329"}],"wp:term":[{"taxonomy":"category","embeddable":true,"href":"https:\/\/www.hotelaromar.com\/de\/wp-json\/wp\/v2\/categories?post=9329"},{"taxonomy":"post_tag","embeddable":true,"href":"https:\/\/www.hotelaromar.com\/de\/wp-json\/wp\/v2\/tags?post=9329"}],"curies":[{"name":"wp","href":"https:\/\/api.w.org\/{rel}","templated":true}]}}