{"id":7751,"date":"2024-04-22T12:15:45","date_gmt":"2024-04-22T10:15:45","guid":{"rendered":"https:\/\/www.hotelaromar.com\/cami-de-ronda-en-platja-daro-un-paseo-por-la-costa-brava\/"},"modified":"2024-04-22T12:15:45","modified_gmt":"2024-04-22T10:15:45","slug":"cami-de-ronda-en-platja-daro-un-paseo-por-la-costa-brava","status":"publish","type":"post","link":"https:\/\/www.hotelaromar.com\/es\/cami-de-ronda-en-platja-daro-un-paseo-por-la-costa-brava\/","title":{"rendered":"Cam\u00ed de Ronda en Platja d&#8217;Aro: un paseo por la Costa Brava"},"content":{"rendered":"<p class=\"p1\">La localidad de Platja d&#8217;Aro es un destino tur\u00edstico conocido por sus extensas playas, su paseo mar\u00edtimo y su animada vida nocturna. Adem\u00e1s de sus modernas instalaciones tur\u00edsticas, ofrece una rica mezcla de cultura local y belleza natural, lo que la convierte en un punto de partida clave para explorar el Cam\u00ed de Ronda. <\/p>\n<h2 class=\"p1\">El Camino de la Costa y su importancia como ruta panor\u00e1mica<\/h2>\n<p class=\"p1\">El Cam\u00ed de Ronda es un sendero hist\u00f3rico (de ah\u00ed su nombre) que recorre la Costa Brava y permite acceder a algunas de las calas y vistas m\u00e1s espectaculares de la regi\u00f3n. Originalmente, esta ruta era utilizada por los guardacostas para vigilar el contrabando hasta que se convirti\u00f3 en lo que es hoy: una atracci\u00f3n tur\u00edstica. <\/p>\n<h3 class=\"p1\">Origen hist\u00f3rico del paseo mar\u00edtimo y su uso original<\/h3>\n<p class=\"p1\">Como se ha mencionado anteriormente, el Cam\u00ed de Ronda tiene su origen en la necesidad de vigilar la costa catalana, ya que se utilizaba para patrullar y prevenir el contrabando. Era patrullado por guardacostas, que vigilaban la llegada de mercanc\u00edas ilegales y actividades sospechosas a lo largo de la costa. <\/p>\n<p class=\"p1\">Con el tiempo, el sendero costero se ha restaurado y adaptado para el p\u00fablico. La conservaci\u00f3n de su entorno natural se ha convertido en una prioridad, equilibrando la accesibilidad para los turistas con la protecci\u00f3n del paisaje costero y su biodiversidad. <\/p>\n<h3 class=\"p1\">El Camino de Ronda de Platja d&#8217;Aro<\/h3>\n<p class=\"p1\">El tramo del Camino de Ronda que atraviesa Platja d&#8217;Aro est\u00e1 lleno de caminos de tierra, escalones de piedra y pasarelas de madera, conectando varias calas y playas y ofreciendo unas vistas majestuosas del Mediterr\u00e1neo. Se trata de una ruta de unos 5 kil\u00f3metros, con un nivel de dificultad moderado, apta tanto para paseantes ocasionales como para excursionistas m\u00e1s experimentados. <\/p>\n<h3 class=\"p1\">Puntos destacados y atractivos<\/h3>\n<p class=\"p1\">Desde el Camino de Ronda de Platja d&#8217;Aro se pueden ver puntos de inter\u00e9s como Cala Rovira, Cala Sa Cova y Cap Roig. Estas calas ofrecen aguas cristalinas y tranquilas, ideales para nadar o simplemente disfrutar del paisaje. Cala Rovira es conocida por su arena dorada y su ambiente tranquilo, mientras que Cala Sa Cova destaca por su peque\u00f1o tama\u00f1o y sus aguas profundas rodeadas de rocas escarpadas. Sin embargo, ambas son accesibles a trav\u00e9s del sendero costero.   <\/p>\n<h3 class=\"p1\">\u00bfCu\u00e1l es la mejor \u00e9poca del a\u00f1o para visitarlo?<\/h3>\n<p class=\"p1\">La mejor \u00e9poca para recorrer el Camino de Ronda es en primavera y oto\u00f1o, cuando las temperaturas no son tan altas como en verano y el paisaje est\u00e1 en su m\u00e1ximo esplendor. Durante estos periodos, el sendero est\u00e1 menos concurrido, lo que hace que la experiencia sea m\u00e1s agradable. Adem\u00e1s, el tramo de Platja d&#8217;Aro del Camino de Ronda es de f\u00e1cil acceso. De hecho, se puede llegar por carretera sin ning\u00fan problema: se tarda media hora desde Girona y poco m\u00e1s de una hora desde Barcelona. Se puede llegar en coche o en transporte p\u00fablico, ya que esta localidad cuenta con servicios de autob\u00fas que conectan regularmente con ambas capitales catalanas.    <span class=\"Apple-converted-space\"> <\/span><\/p>\n<p class=\"p1\">En definitiva, el Camino de Ronda de Platja d&#8217;Aro ofrece una gran oportunidad para explorar la belleza natural de la Costa Brava mientras se disfruta de una rica historia y unas espectaculares vistas al mar. Tanto si buscas una escapada tranquila como activa, esta ruta promete una experiencia inolvidable para todos los visitantes. <\/p>\n","protected":false},"excerpt":{"rendered":"<p>La localidad de Platja d&#8217;Aro es un destino tur\u00edstico conocido por sus extensas playas, su paseo mar\u00edtimo y su animada vida nocturna. Adem\u00e1s de sus modernas instalaciones tur\u00edsticas, ofrece una rica mezcla de cultura local y belleza natural, lo que la convierte en un punto de partida clave para explorar el Cam\u00ed de Ronda. El&hellip;&nbsp;<\/p>\n","protected":false},"author":1,"featured_media":6805,"comment_status":"open","ping_status":"closed","sticky":false,"template":"","format":"standard","meta":{"_acf_changed":false,"neve_meta_sidebar":"","neve_meta_container":"","neve_meta_enable_content_width":"off","neve_meta_content_width":70,"neve_meta_title_alignment":"","neve_meta_author_avatar":"","neve_post_elements_order":"","neve_meta_disable_header":"","neve_meta_disable_footer":"","neve_meta_disable_title":"","neve_meta_reading_time":"","footnotes":""},"categories":[62],"tags":[],"class_list":["post-7751","post","type-post","status-publish","format-standard","has-post-thumbnail","hentry","category-nuestras-playas"],"acf":[],"yoast_head":"<!-- This site is optimized with the Yoast SEO plugin v28.4 - https:\/\/yoast.com\/product\/yoast-seo-wordpress\/ -->\n<title>Cam\u00ed de Ronda en Platja d&#039;Aro: un paseo por la Costa Brava<\/title>\n<meta name=\"description\" content=\"El Cam\u00ed de Ronda es un sendero hist\u00f3rico que recorre la Costa Brava y permite acceder a algunas de las calas y vistas m\u00e1s espectaculares de la regi\u00f3n.\" \/>\n<meta name=\"robots\" content=\"index, follow, max-snippet:-1, max-image-preview:large, max-video-preview:-1\" \/>\n<link rel=\"canonical\" href=\"https:\/\/www.hotelaromar.com\/es\/cami-de-ronda-en-platja-daro-un-paseo-por-la-costa-brava\/\" \/>\n<meta property=\"og:locale\" content=\"es_ES\" \/>\n<meta property=\"og:type\" content=\"article\" \/>\n<meta property=\"og:title\" content=\"Cam\u00ed de Ronda en Platja d&#039;Aro: un paseo por la Costa Brava\" \/>\n<meta property=\"og:description\" content=\"El Cam\u00ed de Ronda es un sendero hist\u00f3rico que recorre la Costa Brava y permite acceder a algunas de las calas y vistas m\u00e1s espectaculares de la regi\u00f3n.\" \/>\n<meta property=\"og:url\" content=\"https:\/\/www.hotelaromar.com\/es\/cami-de-ronda-en-platja-daro-un-paseo-por-la-costa-brava\/\" \/>\n<meta property=\"og:site_name\" content=\"Hotel Aromar\" \/>\n<meta property=\"article:published_time\" content=\"2024-04-22T10:15:45+00:00\" \/>\n<meta property=\"og:image\" content=\"https:\/\/www.hotelaromar.com\/wp-content\/uploads\/2024\/04\/sagaro.webp\" \/>\n\t<meta property=\"og:image:width\" content=\"1500\" \/>\n\t<meta property=\"og:image:height\" content=\"2032\" \/>\n\t<meta property=\"og:image:type\" content=\"image\/webp\" \/>\n<meta name=\"author\" content=\"Comunicaci\u00f3 Integral Neorg\" \/>\n<meta name=\"twitter:card\" content=\"summary_large_image\" \/>\n<meta name=\"twitter:label1\" content=\"Escrito por\" \/>\n\t<meta name=\"twitter:data1\" content=\"Comunicaci\u00f3 Integral Neorg\" \/>\n\t<meta name=\"twitter:label2\" content=\"Tiempo de lectura\" \/>\n\t<meta name=\"twitter:data2\" content=\"3 minutos\" \/>\n<script type=\"application\/ld+json\" class=\"yoast-schema-graph\">{\"@context\":\"https:\\\/\\\/schema.org\",\"@graph\":[{\"@type\":\"Article\",\"@id\":\"https:\\\/\\\/www.hotelaromar.com\\\/es\\\/cami-de-ronda-en-platja-daro-un-paseo-por-la-costa-brava\\\/#article\",\"isPartOf\":{\"@id\":\"https:\\\/\\\/www.hotelaromar.com\\\/es\\\/cami-de-ronda-en-platja-daro-un-paseo-por-la-costa-brava\\\/\"},\"author\":{\"name\":\"Comunicaci\u00f3 Integral Neorg\",\"@id\":\"https:\\\/\\\/www.hotelaromar.com\\\/es\\\/#\\\/schema\\\/person\\\/e8444f3aad536cf5bdfdebb4bde6c163\"},\"headline\":\"Cam\u00ed de Ronda en Platja d&#8217;Aro: un paseo por la Costa Brava\",\"datePublished\":\"2024-04-22T10:15:45+00:00\",\"mainEntityOfPage\":{\"@id\":\"https:\\\/\\\/www.hotelaromar.com\\\/es\\\/cami-de-ronda-en-platja-daro-un-paseo-por-la-costa-brava\\\/\"},\"wordCount\":596,\"commentCount\":0,\"publisher\":{\"@id\":\"https:\\\/\\\/www.hotelaromar.com\\\/es\\\/#organization\"},\"image\":{\"@id\":\"https:\\\/\\\/www.hotelaromar.com\\\/es\\\/cami-de-ronda-en-platja-daro-un-paseo-por-la-costa-brava\\\/#primaryimage\"},\"thumbnailUrl\":\"https:\\\/\\\/www.hotelaromar.com\\\/wp-content\\\/uploads\\\/2024\\\/04\\\/sagaro.webp\",\"articleSection\":[\"Nuestras playas\"],\"inLanguage\":\"es\",\"potentialAction\":[{\"@type\":\"CommentAction\",\"name\":\"Comment\",\"target\":[\"https:\\\/\\\/www.hotelaromar.com\\\/es\\\/cami-de-ronda-en-platja-daro-un-paseo-por-la-costa-brava\\\/#respond\"]}]},{\"@type\":\"WebPage\",\"@id\":\"https:\\\/\\\/www.hotelaromar.com\\\/es\\\/cami-de-ronda-en-platja-daro-un-paseo-por-la-costa-brava\\\/\",\"url\":\"https:\\\/\\\/www.hotelaromar.com\\\/es\\\/cami-de-ronda-en-platja-daro-un-paseo-por-la-costa-brava\\\/\",\"name\":\"Cam\u00ed de Ronda en Platja d'Aro: un paseo por la Costa Brava\",\"isPartOf\":{\"@id\":\"https:\\\/\\\/www.hotelaromar.com\\\/es\\\/#website\"},\"primaryImageOfPage\":{\"@id\":\"https:\\\/\\\/www.hotelaromar.com\\\/es\\\/cami-de-ronda-en-platja-daro-un-paseo-por-la-costa-brava\\\/#primaryimage\"},\"image\":{\"@id\":\"https:\\\/\\\/www.hotelaromar.com\\\/es\\\/cami-de-ronda-en-platja-daro-un-paseo-por-la-costa-brava\\\/#primaryimage\"},\"thumbnailUrl\":\"https:\\\/\\\/www.hotelaromar.com\\\/wp-content\\\/uploads\\\/2024\\\/04\\\/sagaro.webp\",\"datePublished\":\"2024-04-22T10:15:45+00:00\",\"description\":\"El Cam\u00ed de Ronda es un sendero hist\u00f3rico que recorre la Costa Brava y permite acceder a algunas de las calas y vistas m\u00e1s espectaculares de la regi\u00f3n.\",\"breadcrumb\":{\"@id\":\"https:\\\/\\\/www.hotelaromar.com\\\/es\\\/cami-de-ronda-en-platja-daro-un-paseo-por-la-costa-brava\\\/#breadcrumb\"},\"inLanguage\":\"es\",\"potentialAction\":[{\"@type\":\"ReadAction\",\"target\":[\"https:\\\/\\\/www.hotelaromar.com\\\/es\\\/cami-de-ronda-en-platja-daro-un-paseo-por-la-costa-brava\\\/\"]}]},{\"@type\":\"ImageObject\",\"inLanguage\":\"es\",\"@id\":\"https:\\\/\\\/www.hotelaromar.com\\\/es\\\/cami-de-ronda-en-platja-daro-un-paseo-por-la-costa-brava\\\/#primaryimage\",\"url\":\"https:\\\/\\\/www.hotelaromar.com\\\/wp-content\\\/uploads\\\/2024\\\/04\\\/sagaro.webp\",\"contentUrl\":\"https:\\\/\\\/www.hotelaromar.com\\\/wp-content\\\/uploads\\\/2024\\\/04\\\/sagaro.webp\",\"width\":1500,\"height\":2032,\"caption\":\"Cam\u00ed de Ronda en Platja d\u2019Aro\"},{\"@type\":\"BreadcrumbList\",\"@id\":\"https:\\\/\\\/www.hotelaromar.com\\\/es\\\/cami-de-ronda-en-platja-daro-un-paseo-por-la-costa-brava\\\/#breadcrumb\",\"itemListElement\":[{\"@type\":\"ListItem\",\"position\":1,\"name\":\"Portada\",\"item\":\"https:\\\/\\\/www.hotelaromar.com\\\/es\\\/\"},{\"@type\":\"ListItem\",\"position\":2,\"name\":\"Cam\u00ed de Ronda en Platja d&#8217;Aro: un paseo por la Costa Brava\"}]},{\"@type\":\"WebSite\",\"@id\":\"https:\\\/\\\/www.hotelaromar.com\\\/es\\\/#website\",\"url\":\"https:\\\/\\\/www.hotelaromar.com\\\/es\\\/\",\"name\":\"Aromar Hotels & Restaurants\",\"description\":\"Hotel Aromar\",\"publisher\":{\"@id\":\"https:\\\/\\\/www.hotelaromar.com\\\/es\\\/#organization\"},\"alternateName\":\"Aromar Hotels & Restaurants\",\"potentialAction\":[{\"@type\":\"SearchAction\",\"target\":{\"@type\":\"EntryPoint\",\"urlTemplate\":\"https:\\\/\\\/www.hotelaromar.com\\\/es\\\/?s={search_term_string}\"},\"query-input\":{\"@type\":\"PropertyValueSpecification\",\"valueRequired\":true,\"valueName\":\"search_term_string\"}}],\"inLanguage\":\"es\"},{\"@type\":\"Organization\",\"@id\":\"https:\\\/\\\/www.hotelaromar.com\\\/es\\\/#organization\",\"name\":\"Hotel Aromar\",\"alternateName\":\"Aromar Hotels\",\"url\":\"https:\\\/\\\/www.hotelaromar.com\\\/es\\\/\",\"logo\":{\"@type\":\"ImageObject\",\"inLanguage\":\"es\",\"@id\":\"https:\\\/\\\/www.hotelaromar.com\\\/es\\\/#\\\/schema\\\/logo\\\/image\\\/\",\"url\":\"https:\\\/\\\/www.hotelaromar.com\\\/wp-content\\\/uploads\\\/2024\\\/04\\\/Aromar-2.jpg\",\"contentUrl\":\"https:\\\/\\\/www.hotelaromar.com\\\/wp-content\\\/uploads\\\/2024\\\/04\\\/Aromar-2.jpg\",\"width\":696,\"height\":696,\"caption\":\"Hotel Aromar\"},\"image\":{\"@id\":\"https:\\\/\\\/www.hotelaromar.com\\\/es\\\/#\\\/schema\\\/logo\\\/image\\\/\"}},{\"@type\":\"Person\",\"@id\":\"https:\\\/\\\/www.hotelaromar.com\\\/es\\\/#\\\/schema\\\/person\\\/e8444f3aad536cf5bdfdebb4bde6c163\",\"name\":\"Comunicaci\u00f3 Integral Neorg\",\"image\":{\"@type\":\"ImageObject\",\"inLanguage\":\"es\",\"@id\":\"https:\\\/\\\/secure.gravatar.com\\\/avatar\\\/709d3d8015183afa7401c02e2291a538cbfd4ffe62f4d86ce5f4871f22e86b09?s=96&d=mm&r=g\",\"url\":\"https:\\\/\\\/secure.gravatar.com\\\/avatar\\\/709d3d8015183afa7401c02e2291a538cbfd4ffe62f4d86ce5f4871f22e86b09?s=96&d=mm&r=g\",\"contentUrl\":\"https:\\\/\\\/secure.gravatar.com\\\/avatar\\\/709d3d8015183afa7401c02e2291a538cbfd4ffe62f4d86ce5f4871f22e86b09?s=96&d=mm&r=g\",\"caption\":\"Comunicaci\u00f3 Integral Neorg\"},\"sameAs\":[\"https:\\\/\\\/www.hotelaromar.com\"]}]}<\/script>\n<!-- \/ Yoast SEO plugin. -->","yoast_head_json":{"title":"Cam\u00ed de Ronda en Platja d'Aro: un paseo por la Costa Brava","description":"El Cam\u00ed de Ronda es un sendero hist\u00f3rico que recorre la Costa Brava y permite acceder a algunas de las calas y vistas m\u00e1s espectaculares de la regi\u00f3n.","robots":{"index":"index","follow":"follow","max-snippet":"max-snippet:-1","max-image-preview":"max-image-preview:large","max-video-preview":"max-video-preview:-1"},"canonical":"https:\/\/www.hotelaromar.com\/es\/cami-de-ronda-en-platja-daro-un-paseo-por-la-costa-brava\/","og_locale":"es_ES","og_type":"article","og_title":"Cam\u00ed de Ronda en Platja d'Aro: un paseo por la Costa Brava","og_description":"El Cam\u00ed de Ronda es un sendero hist\u00f3rico que recorre la Costa Brava y permite acceder a algunas de las calas y vistas m\u00e1s espectaculares de la regi\u00f3n.","og_url":"https:\/\/www.hotelaromar.com\/es\/cami-de-ronda-en-platja-daro-un-paseo-por-la-costa-brava\/","og_site_name":"Hotel Aromar","article_published_time":"2024-04-22T10:15:45+00:00","og_image":[{"width":1500,"height":2032,"url":"https:\/\/www.hotelaromar.com\/wp-content\/uploads\/2024\/04\/sagaro.webp","type":"image\/webp"}],"author":"Comunicaci\u00f3 Integral Neorg","twitter_card":"summary_large_image","twitter_misc":{"Escrito por":"Comunicaci\u00f3 Integral Neorg","Tiempo de lectura":"3 minutos"},"schema":{"@context":"https:\/\/schema.org","@graph":[{"@type":"Article","@id":"https:\/\/www.hotelaromar.com\/es\/cami-de-ronda-en-platja-daro-un-paseo-por-la-costa-brava\/#article","isPartOf":{"@id":"https:\/\/www.hotelaromar.com\/es\/cami-de-ronda-en-platja-daro-un-paseo-por-la-costa-brava\/"},"author":{"name":"Comunicaci\u00f3 Integral Neorg","@id":"https:\/\/www.hotelaromar.com\/es\/#\/schema\/person\/e8444f3aad536cf5bdfdebb4bde6c163"},"headline":"Cam\u00ed de Ronda en Platja d&#8217;Aro: un paseo por la Costa Brava","datePublished":"2024-04-22T10:15:45+00:00","mainEntityOfPage":{"@id":"https:\/\/www.hotelaromar.com\/es\/cami-de-ronda-en-platja-daro-un-paseo-por-la-costa-brava\/"},"wordCount":596,"commentCount":0,"publisher":{"@id":"https:\/\/www.hotelaromar.com\/es\/#organization"},"image":{"@id":"https:\/\/www.hotelaromar.com\/es\/cami-de-ronda-en-platja-daro-un-paseo-por-la-costa-brava\/#primaryimage"},"thumbnailUrl":"https:\/\/www.hotelaromar.com\/wp-content\/uploads\/2024\/04\/sagaro.webp","articleSection":["Nuestras playas"],"inLanguage":"es","potentialAction":[{"@type":"CommentAction","name":"Comment","target":["https:\/\/www.hotelaromar.com\/es\/cami-de-ronda-en-platja-daro-un-paseo-por-la-costa-brava\/#respond"]}]},{"@type":"WebPage","@id":"https:\/\/www.hotelaromar.com\/es\/cami-de-ronda-en-platja-daro-un-paseo-por-la-costa-brava\/","url":"https:\/\/www.hotelaromar.com\/es\/cami-de-ronda-en-platja-daro-un-paseo-por-la-costa-brava\/","name":"Cam\u00ed de Ronda en Platja d'Aro: un paseo por la Costa Brava","isPartOf":{"@id":"https:\/\/www.hotelaromar.com\/es\/#website"},"primaryImageOfPage":{"@id":"https:\/\/www.hotelaromar.com\/es\/cami-de-ronda-en-platja-daro-un-paseo-por-la-costa-brava\/#primaryimage"},"image":{"@id":"https:\/\/www.hotelaromar.com\/es\/cami-de-ronda-en-platja-daro-un-paseo-por-la-costa-brava\/#primaryimage"},"thumbnailUrl":"https:\/\/www.hotelaromar.com\/wp-content\/uploads\/2024\/04\/sagaro.webp","datePublished":"2024-04-22T10:15:45+00:00","description":"El Cam\u00ed de Ronda es un sendero hist\u00f3rico que recorre la Costa Brava y permite acceder a algunas de las calas y vistas m\u00e1s espectaculares de la regi\u00f3n.","breadcrumb":{"@id":"https:\/\/www.hotelaromar.com\/es\/cami-de-ronda-en-platja-daro-un-paseo-por-la-costa-brava\/#breadcrumb"},"inLanguage":"es","potentialAction":[{"@type":"ReadAction","target":["https:\/\/www.hotelaromar.com\/es\/cami-de-ronda-en-platja-daro-un-paseo-por-la-costa-brava\/"]}]},{"@type":"ImageObject","inLanguage":"es","@id":"https:\/\/www.hotelaromar.com\/es\/cami-de-ronda-en-platja-daro-un-paseo-por-la-costa-brava\/#primaryimage","url":"https:\/\/www.hotelaromar.com\/wp-content\/uploads\/2024\/04\/sagaro.webp","contentUrl":"https:\/\/www.hotelaromar.com\/wp-content\/uploads\/2024\/04\/sagaro.webp","width":1500,"height":2032,"caption":"Cam\u00ed de Ronda en Platja d\u2019Aro"},{"@type":"BreadcrumbList","@id":"https:\/\/www.hotelaromar.com\/es\/cami-de-ronda-en-platja-daro-un-paseo-por-la-costa-brava\/#breadcrumb","itemListElement":[{"@type":"ListItem","position":1,"name":"Portada","item":"https:\/\/www.hotelaromar.com\/es\/"},{"@type":"ListItem","position":2,"name":"Cam\u00ed de Ronda en Platja d&#8217;Aro: un paseo por la Costa Brava"}]},{"@type":"WebSite","@id":"https:\/\/www.hotelaromar.com\/es\/#website","url":"https:\/\/www.hotelaromar.com\/es\/","name":"Aromar Hotels & Restaurants","description":"Hotel Aromar","publisher":{"@id":"https:\/\/www.hotelaromar.com\/es\/#organization"},"alternateName":"Aromar Hotels & Restaurants","potentialAction":[{"@type":"SearchAction","target":{"@type":"EntryPoint","urlTemplate":"https:\/\/www.hotelaromar.com\/es\/?s={search_term_string}"},"query-input":{"@type":"PropertyValueSpecification","valueRequired":true,"valueName":"search_term_string"}}],"inLanguage":"es"},{"@type":"Organization","@id":"https:\/\/www.hotelaromar.com\/es\/#organization","name":"Hotel Aromar","alternateName":"Aromar Hotels","url":"https:\/\/www.hotelaromar.com\/es\/","logo":{"@type":"ImageObject","inLanguage":"es","@id":"https:\/\/www.hotelaromar.com\/es\/#\/schema\/logo\/image\/","url":"https:\/\/www.hotelaromar.com\/wp-content\/uploads\/2024\/04\/Aromar-2.jpg","contentUrl":"https:\/\/www.hotelaromar.com\/wp-content\/uploads\/2024\/04\/Aromar-2.jpg","width":696,"height":696,"caption":"Hotel Aromar"},"image":{"@id":"https:\/\/www.hotelaromar.com\/es\/#\/schema\/logo\/image\/"}},{"@type":"Person","@id":"https:\/\/www.hotelaromar.com\/es\/#\/schema\/person\/e8444f3aad536cf5bdfdebb4bde6c163","name":"Comunicaci\u00f3 Integral Neorg","image":{"@type":"ImageObject","inLanguage":"es","@id":"https:\/\/secure.gravatar.com\/avatar\/709d3d8015183afa7401c02e2291a538cbfd4ffe62f4d86ce5f4871f22e86b09?s=96&d=mm&r=g","url":"https:\/\/secure.gravatar.com\/avatar\/709d3d8015183afa7401c02e2291a538cbfd4ffe62f4d86ce5f4871f22e86b09?s=96&d=mm&r=g","contentUrl":"https:\/\/secure.gravatar.com\/avatar\/709d3d8015183afa7401c02e2291a538cbfd4ffe62f4d86ce5f4871f22e86b09?s=96&d=mm&r=g","caption":"Comunicaci\u00f3 Integral Neorg"},"sameAs":["https:\/\/www.hotelaromar.com"]}]}},"_links":{"self":[{"href":"https:\/\/www.hotelaromar.com\/es\/wp-json\/wp\/v2\/posts\/7751","targetHints":{"allow":["GET"]}}],"collection":[{"href":"https:\/\/www.hotelaromar.com\/es\/wp-json\/wp\/v2\/posts"}],"about":[{"href":"https:\/\/www.hotelaromar.com\/es\/wp-json\/wp\/v2\/types\/post"}],"author":[{"embeddable":true,"href":"https:\/\/www.hotelaromar.com\/es\/wp-json\/wp\/v2\/users\/1"}],"replies":[{"embeddable":true,"href":"https:\/\/www.hotelaromar.com\/es\/wp-json\/wp\/v2\/comments?post=7751"}],"version-history":[{"count":0,"href":"https:\/\/www.hotelaromar.com\/es\/wp-json\/wp\/v2\/posts\/7751\/revisions"}],"wp:featuredmedia":[{"embeddable":true,"href":"https:\/\/www.hotelaromar.com\/es\/wp-json\/wp\/v2\/media\/6805"}],"wp:attachment":[{"href":"https:\/\/www.hotelaromar.com\/es\/wp-json\/wp\/v2\/media?parent=7751"}],"wp:term":[{"taxonomy":"category","embeddable":true,"href":"https:\/\/www.hotelaromar.com\/es\/wp-json\/wp\/v2\/categories?post=7751"},{"taxonomy":"post_tag","embeddable":true,"href":"https:\/\/www.hotelaromar.com\/es\/wp-json\/wp\/v2\/tags?post=7751"}],"curies":[{"name":"wp","href":"https:\/\/api.w.org\/{rel}","templated":true}]}}