{"id":8116,"date":"2026-07-03T12:08:33","date_gmt":"2026-07-03T10:08:33","guid":{"rendered":"https:\/\/www.hotelaromar.com\/cami-de-ronda-s-agaro-es\/"},"modified":"2026-07-08T09:02:55","modified_gmt":"2026-07-08T07:02:55","slug":"cami-de-ronda-s-agaro-es","status":"publish","type":"post","link":"https:\/\/www.hotelaromar.com\/es\/cami-de-ronda-s-agaro-es\/","title":{"rendered":"Descubre la Costa Brava: visita el Cam\u00ed de Ronda, S&#8217;Agar\u00f3"},"content":{"rendered":"<p>La Oficina de Turismo de Castell-Platja d&#8217;Aro ofrece visitas a los diferentes puntos de la ciudad para aprovechar en familia. \u00a1Despu\u00e9s de un d\u00eda de playa conozca la zona y su historia!<\/p>\n<h2>Cam\u00ed de Ronda, S&#8217;Agar\u00f3<\/h2>\n<p>Los caminos de Ronda rodean y comunican las playas, calas y la poblaci\u00f3n. Surgen en el siglo XIX, utilizados para proteger a los ciudadanos y usados por la Guardia Civil para evitar el mercado ilegal mar\u00edtimo.<\/p>\n<p>Hoy se ha reformado para ser un paseo mar\u00edtimo de 4 kil\u00f3metros de longitud apto para toda la familia. Desde all\u00ed se pueden disfrutar los azules del Mar Mediterr\u00e1neo y la vegetaci\u00f3n con vistas incre\u00edbles en un paseo para recordar.<\/p>\n<p>Todas las visitas son a las 19 horas<\/p>\n<p>Catal\u00e1n-English<\/p>\n<p>29 de junio<\/p>\n<p>13 y 27 de julio<\/p>\n<p>17 y 31 de agosto<\/p>\n<p>Espa\u00f1ol-Fran\u00e7ais<\/p>\n<p>6 y 20 de julio<\/p>\n<p>10 y 24 de agosto<\/p>\n<p>7 de septiembre<\/p>\n<h2>Cam\u00ed de Ronda y Vila Romana de Pla de Palol<\/h2>\n<p>La Vila Romana de Pla de Palol data del siglo I a.C., es una de las colonias romanas m\u00e1s importantes y en 1959 comenzaron las excavaciones. No fue hasta 1998 que se mostraron al p\u00fablico.<\/p>\n<p>Se destacan las termas, descubrir las formas de producci\u00f3n romanas, lugares de almacenamiento y grandes terrazas. Descubre en la visita guiada la historia y los secretos del patrimonio hist\u00f3rico de Platja d&#8217;Aro.<\/p>\n<p>Todas las visitas son a las 19 horas<\/p>\n<p>Catal\u00e1n-English<\/p>\n<p>21 de julio<\/p>\n<p>25 de agosto<\/p>\n<p>Espa\u00f1ol-Fran\u00e7ais<\/p>\n<p>7 de julio<\/p>\n<p>11 de agosto<\/p>\n<p>Cam\u00ed de Ronda de S&#8217;Agar\u00f3<\/p>\n<p>\u00a1Disfruta de la historia cinematogr\u00e1fica de la zona! Un director de cine convertir\u00e1 el Cam\u00ed de Ronda de S&#8217;Agar\u00f3 en su plat\u00f3, donde personajes nos har\u00e1n revivir, en un espect\u00e1culo participativo, la \u00e9poca cinematogr\u00e1fica de Castell-Platja d&#8217;Aro<\/p>\n<p>Todas las funciones son a las 19 horas<\/p>\n<p>Catal\u00e1n<\/p>\n<p>8 y 22 de julio<\/p>\n<p>5 y 26 de agosto<\/p>\n<p>Precio: \u20ac2,50\/persona por actividad<\/p>\n<p>Las plazas son limitadas.<\/p>\n<p>Reservar en la web y en la Oficina de Turismo<\/p>\n<p>Descubre tambi\u00e9n las Visitas guiadas al Barrio antiguo de Castell d&#8217;Aro<\/p>\n<p>\u00a1Reserva Ahora!<\/p>\n","protected":false},"excerpt":{"rendered":"<p>La Oficina de Turismo de Castell-Platja d&#8217;Aro ofrece visitas a los diferentes puntos de la ciudad para aprovechar en familia. \u00a1Despu\u00e9s de un d\u00eda de playa conozca la zona y su historia! Cam\u00ed de Ronda, S&#8217;Agar\u00f3 Los caminos de Ronda rodean y comunican las playas, calas y la poblaci\u00f3n. Surgen en el siglo XIX, utilizados&hellip;&nbsp;<\/p>\n","protected":false},"author":1,"featured_media":10169,"comment_status":"closed","ping_status":"closed","sticky":false,"template":"","format":"standard","meta":{"_acf_changed":false,"neve_meta_sidebar":"","neve_meta_container":"","neve_meta_enable_content_width":"","neve_meta_content_width":0,"neve_meta_title_alignment":"","neve_meta_author_avatar":"","neve_post_elements_order":"","neve_meta_disable_header":"","neve_meta_disable_footer":"","neve_meta_disable_title":"","neve_meta_reading_time":"","footnotes":""},"categories":[1,25],"tags":[],"class_list":["post-8116","post","type-post","status-publish","format-standard","has-post-thumbnail","hentry","category-uncategorized-ca","category-sin-categorizar"],"acf":[],"yoast_head":"<!-- This site is optimized with the Yoast SEO plugin v28.4 - https:\/\/yoast.com\/product\/yoast-seo-wordpress\/ -->\n<title>Descubre la Costa Brava: visita el Cam\u00ed de Ronda, S&#039;Agar\u00f3 | Hotel Aromar<\/title>\n<meta name=\"robots\" content=\"index, follow, max-snippet:-1, max-image-preview:large, max-video-preview:-1\" \/>\n<link rel=\"canonical\" href=\"https:\/\/www.hotelaromar.com\/es\/cami-de-ronda-s-agaro-es\/\" \/>\n<meta property=\"og:locale\" content=\"es_ES\" \/>\n<meta property=\"og:type\" content=\"article\" \/>\n<meta property=\"og:title\" content=\"Descubre la Costa Brava: visita el Cam\u00ed de Ronda, S&#039;Agar\u00f3 | Hotel Aromar\" \/>\n<meta property=\"og:description\" content=\"La Oficina de Turismo de Castell-Platja d&#8217;Aro ofrece visitas a los diferentes puntos de la ciudad para aprovechar en familia. \u00a1Despu\u00e9s de un d\u00eda de playa conozca la zona y su historia! Cam\u00ed de Ronda, S&#8217;Agar\u00f3 Los caminos de Ronda rodean y comunican las playas, calas y la poblaci\u00f3n. Surgen en el siglo XIX, utilizados&hellip;&nbsp;\" \/>\n<meta property=\"og:url\" content=\"https:\/\/www.hotelaromar.com\/es\/cami-de-ronda-s-agaro-es\/\" \/>\n<meta property=\"og:site_name\" content=\"Hotel Aromar\" \/>\n<meta property=\"article:published_time\" content=\"2026-07-03T10:08:33+00:00\" \/>\n<meta property=\"article:modified_time\" content=\"2026-07-08T07:02:55+00:00\" \/>\n<meta property=\"og:image\" content=\"https:\/\/www.hotelaromar.com\/wp-content\/uploads\/2026\/07\/FILES_ITEMS_982_SAGARO_W_1900_Q_100.jpg\" \/>\n\t<meta property=\"og:image:width\" content=\"766\" \/>\n\t<meta property=\"og:image:height\" content=\"416\" \/>\n\t<meta property=\"og:image:type\" content=\"image\/jpeg\" \/>\n<meta name=\"author\" content=\"Comunicaci\u00f3 Integral Neorg\" \/>\n<meta name=\"twitter:card\" content=\"summary_large_image\" \/>\n<meta name=\"twitter:label1\" content=\"Escrito por\" \/>\n\t<meta name=\"twitter:data1\" content=\"Comunicaci\u00f3 Integral Neorg\" \/>\n\t<meta name=\"twitter:label2\" content=\"Tiempo de lectura\" \/>\n\t<meta name=\"twitter:data2\" content=\"2 minutos\" \/>\n<script type=\"application\/ld+json\" class=\"yoast-schema-graph\">{\"@context\":\"https:\\\/\\\/schema.org\",\"@graph\":[{\"@type\":\"Article\",\"@id\":\"https:\\\/\\\/www.hotelaromar.com\\\/es\\\/cami-de-ronda-s-agaro-es\\\/#article\",\"isPartOf\":{\"@id\":\"https:\\\/\\\/www.hotelaromar.com\\\/es\\\/cami-de-ronda-s-agaro-es\\\/\"},\"author\":{\"name\":\"Comunicaci\u00f3 Integral Neorg\",\"@id\":\"https:\\\/\\\/www.hotelaromar.com\\\/es\\\/#\\\/schema\\\/person\\\/e8444f3aad536cf5bdfdebb4bde6c163\"},\"headline\":\"Descubre la Costa Brava: visita el Cam\u00ed de Ronda, S&#8217;Agar\u00f3\",\"datePublished\":\"2026-07-03T10:08:33+00:00\",\"dateModified\":\"2026-07-08T07:02:55+00:00\",\"mainEntityOfPage\":{\"@id\":\"https:\\\/\\\/www.hotelaromar.com\\\/es\\\/cami-de-ronda-s-agaro-es\\\/\"},\"wordCount\":359,\"publisher\":{\"@id\":\"https:\\\/\\\/www.hotelaromar.com\\\/es\\\/#organization\"},\"image\":{\"@id\":\"https:\\\/\\\/www.hotelaromar.com\\\/es\\\/cami-de-ronda-s-agaro-es\\\/#primaryimage\"},\"thumbnailUrl\":\"https:\\\/\\\/www.hotelaromar.com\\\/wp-content\\\/uploads\\\/2026\\\/07\\\/costa-brava-sagaro.webp\",\"articleSection\":[\"Aromar Hotels\",\"Aromar Hotels\"],\"inLanguage\":\"es\"},{\"@type\":\"WebPage\",\"@id\":\"https:\\\/\\\/www.hotelaromar.com\\\/es\\\/cami-de-ronda-s-agaro-es\\\/\",\"url\":\"https:\\\/\\\/www.hotelaromar.com\\\/es\\\/cami-de-ronda-s-agaro-es\\\/\",\"name\":\"Descubre la Costa Brava: visita el Cam\u00ed de Ronda, S'Agar\u00f3 | Hotel Aromar\",\"isPartOf\":{\"@id\":\"https:\\\/\\\/www.hotelaromar.com\\\/es\\\/#website\"},\"primaryImageOfPage\":{\"@id\":\"https:\\\/\\\/www.hotelaromar.com\\\/es\\\/cami-de-ronda-s-agaro-es\\\/#primaryimage\"},\"image\":{\"@id\":\"https:\\\/\\\/www.hotelaromar.com\\\/es\\\/cami-de-ronda-s-agaro-es\\\/#primaryimage\"},\"thumbnailUrl\":\"https:\\\/\\\/www.hotelaromar.com\\\/wp-content\\\/uploads\\\/2026\\\/07\\\/costa-brava-sagaro.webp\",\"datePublished\":\"2026-07-03T10:08:33+00:00\",\"dateModified\":\"2026-07-08T07:02:55+00:00\",\"breadcrumb\":{\"@id\":\"https:\\\/\\\/www.hotelaromar.com\\\/es\\\/cami-de-ronda-s-agaro-es\\\/#breadcrumb\"},\"inLanguage\":\"es\",\"potentialAction\":[{\"@type\":\"ReadAction\",\"target\":[\"https:\\\/\\\/www.hotelaromar.com\\\/es\\\/cami-de-ronda-s-agaro-es\\\/\"]}]},{\"@type\":\"ImageObject\",\"inLanguage\":\"es\",\"@id\":\"https:\\\/\\\/www.hotelaromar.com\\\/es\\\/cami-de-ronda-s-agaro-es\\\/#primaryimage\",\"url\":\"https:\\\/\\\/www.hotelaromar.com\\\/wp-content\\\/uploads\\\/2026\\\/07\\\/costa-brava-sagaro.webp\",\"contentUrl\":\"https:\\\/\\\/www.hotelaromar.com\\\/wp-content\\\/uploads\\\/2026\\\/07\\\/costa-brava-sagaro.webp\",\"width\":1774,\"height\":887},{\"@type\":\"BreadcrumbList\",\"@id\":\"https:\\\/\\\/www.hotelaromar.com\\\/es\\\/cami-de-ronda-s-agaro-es\\\/#breadcrumb\",\"itemListElement\":[{\"@type\":\"ListItem\",\"position\":1,\"name\":\"Portada\",\"item\":\"https:\\\/\\\/www.hotelaromar.com\\\/es\\\/\"},{\"@type\":\"ListItem\",\"position\":2,\"name\":\"Descubre la Costa Brava: visita el Cam\u00ed de Ronda, S&#8217;Agar\u00f3\"}]},{\"@type\":\"WebSite\",\"@id\":\"https:\\\/\\\/www.hotelaromar.com\\\/es\\\/#website\",\"url\":\"https:\\\/\\\/www.hotelaromar.com\\\/es\\\/\",\"name\":\"Aromar Hotels & Restaurants\",\"description\":\"Hotel Aromar\",\"publisher\":{\"@id\":\"https:\\\/\\\/www.hotelaromar.com\\\/es\\\/#organization\"},\"alternateName\":\"Aromar Hotels & Restaurants\",\"potentialAction\":[{\"@type\":\"SearchAction\",\"target\":{\"@type\":\"EntryPoint\",\"urlTemplate\":\"https:\\\/\\\/www.hotelaromar.com\\\/es\\\/?s={search_term_string}\"},\"query-input\":{\"@type\":\"PropertyValueSpecification\",\"valueRequired\":true,\"valueName\":\"search_term_string\"}}],\"inLanguage\":\"es\"},{\"@type\":\"Organization\",\"@id\":\"https:\\\/\\\/www.hotelaromar.com\\\/es\\\/#organization\",\"name\":\"Hotel Aromar\",\"alternateName\":\"Aromar Hotels\",\"url\":\"https:\\\/\\\/www.hotelaromar.com\\\/es\\\/\",\"logo\":{\"@type\":\"ImageObject\",\"inLanguage\":\"es\",\"@id\":\"https:\\\/\\\/www.hotelaromar.com\\\/es\\\/#\\\/schema\\\/logo\\\/image\\\/\",\"url\":\"https:\\\/\\\/www.hotelaromar.com\\\/wp-content\\\/uploads\\\/2024\\\/04\\\/Aromar-2.jpg\",\"contentUrl\":\"https:\\\/\\\/www.hotelaromar.com\\\/wp-content\\\/uploads\\\/2024\\\/04\\\/Aromar-2.jpg\",\"width\":696,\"height\":696,\"caption\":\"Hotel Aromar\"},\"image\":{\"@id\":\"https:\\\/\\\/www.hotelaromar.com\\\/es\\\/#\\\/schema\\\/logo\\\/image\\\/\"}},{\"@type\":\"Person\",\"@id\":\"https:\\\/\\\/www.hotelaromar.com\\\/es\\\/#\\\/schema\\\/person\\\/e8444f3aad536cf5bdfdebb4bde6c163\",\"name\":\"Comunicaci\u00f3 Integral Neorg\",\"image\":{\"@type\":\"ImageObject\",\"inLanguage\":\"es\",\"@id\":\"https:\\\/\\\/secure.gravatar.com\\\/avatar\\\/709d3d8015183afa7401c02e2291a538cbfd4ffe62f4d86ce5f4871f22e86b09?s=96&d=mm&r=g\",\"url\":\"https:\\\/\\\/secure.gravatar.com\\\/avatar\\\/709d3d8015183afa7401c02e2291a538cbfd4ffe62f4d86ce5f4871f22e86b09?s=96&d=mm&r=g\",\"contentUrl\":\"https:\\\/\\\/secure.gravatar.com\\\/avatar\\\/709d3d8015183afa7401c02e2291a538cbfd4ffe62f4d86ce5f4871f22e86b09?s=96&d=mm&r=g\",\"caption\":\"Comunicaci\u00f3 Integral Neorg\"},\"sameAs\":[\"https:\\\/\\\/www.hotelaromar.com\"]}]}<\/script>\n<!-- \/ Yoast SEO plugin. -->","yoast_head_json":{"title":"Descubre la Costa Brava: visita el Cam\u00ed de Ronda, S'Agar\u00f3 | Hotel Aromar","robots":{"index":"index","follow":"follow","max-snippet":"max-snippet:-1","max-image-preview":"max-image-preview:large","max-video-preview":"max-video-preview:-1"},"canonical":"https:\/\/www.hotelaromar.com\/es\/cami-de-ronda-s-agaro-es\/","og_locale":"es_ES","og_type":"article","og_title":"Descubre la Costa Brava: visita el Cam\u00ed de Ronda, S'Agar\u00f3 | Hotel Aromar","og_description":"La Oficina de Turismo de Castell-Platja d&#8217;Aro ofrece visitas a los diferentes puntos de la ciudad para aprovechar en familia. \u00a1Despu\u00e9s de un d\u00eda de playa conozca la zona y su historia! Cam\u00ed de Ronda, S&#8217;Agar\u00f3 Los caminos de Ronda rodean y comunican las playas, calas y la poblaci\u00f3n. Surgen en el siglo XIX, utilizados&hellip;&nbsp;","og_url":"https:\/\/www.hotelaromar.com\/es\/cami-de-ronda-s-agaro-es\/","og_site_name":"Hotel Aromar","article_published_time":"2026-07-03T10:08:33+00:00","article_modified_time":"2026-07-08T07:02:55+00:00","og_image":[{"width":766,"height":416,"url":"https:\/\/www.hotelaromar.com\/wp-content\/uploads\/2026\/07\/FILES_ITEMS_982_SAGARO_W_1900_Q_100.jpg","type":"image\/jpeg"}],"author":"Comunicaci\u00f3 Integral Neorg","twitter_card":"summary_large_image","twitter_misc":{"Escrito por":"Comunicaci\u00f3 Integral Neorg","Tiempo de lectura":"2 minutos"},"schema":{"@context":"https:\/\/schema.org","@graph":[{"@type":"Article","@id":"https:\/\/www.hotelaromar.com\/es\/cami-de-ronda-s-agaro-es\/#article","isPartOf":{"@id":"https:\/\/www.hotelaromar.com\/es\/cami-de-ronda-s-agaro-es\/"},"author":{"name":"Comunicaci\u00f3 Integral Neorg","@id":"https:\/\/www.hotelaromar.com\/es\/#\/schema\/person\/e8444f3aad536cf5bdfdebb4bde6c163"},"headline":"Descubre la Costa Brava: visita el Cam\u00ed de Ronda, S&#8217;Agar\u00f3","datePublished":"2026-07-03T10:08:33+00:00","dateModified":"2026-07-08T07:02:55+00:00","mainEntityOfPage":{"@id":"https:\/\/www.hotelaromar.com\/es\/cami-de-ronda-s-agaro-es\/"},"wordCount":359,"publisher":{"@id":"https:\/\/www.hotelaromar.com\/es\/#organization"},"image":{"@id":"https:\/\/www.hotelaromar.com\/es\/cami-de-ronda-s-agaro-es\/#primaryimage"},"thumbnailUrl":"https:\/\/www.hotelaromar.com\/wp-content\/uploads\/2026\/07\/costa-brava-sagaro.webp","articleSection":["Aromar Hotels","Aromar Hotels"],"inLanguage":"es"},{"@type":"WebPage","@id":"https:\/\/www.hotelaromar.com\/es\/cami-de-ronda-s-agaro-es\/","url":"https:\/\/www.hotelaromar.com\/es\/cami-de-ronda-s-agaro-es\/","name":"Descubre la Costa Brava: visita el Cam\u00ed de Ronda, S'Agar\u00f3 | Hotel Aromar","isPartOf":{"@id":"https:\/\/www.hotelaromar.com\/es\/#website"},"primaryImageOfPage":{"@id":"https:\/\/www.hotelaromar.com\/es\/cami-de-ronda-s-agaro-es\/#primaryimage"},"image":{"@id":"https:\/\/www.hotelaromar.com\/es\/cami-de-ronda-s-agaro-es\/#primaryimage"},"thumbnailUrl":"https:\/\/www.hotelaromar.com\/wp-content\/uploads\/2026\/07\/costa-brava-sagaro.webp","datePublished":"2026-07-03T10:08:33+00:00","dateModified":"2026-07-08T07:02:55+00:00","breadcrumb":{"@id":"https:\/\/www.hotelaromar.com\/es\/cami-de-ronda-s-agaro-es\/#breadcrumb"},"inLanguage":"es","potentialAction":[{"@type":"ReadAction","target":["https:\/\/www.hotelaromar.com\/es\/cami-de-ronda-s-agaro-es\/"]}]},{"@type":"ImageObject","inLanguage":"es","@id":"https:\/\/www.hotelaromar.com\/es\/cami-de-ronda-s-agaro-es\/#primaryimage","url":"https:\/\/www.hotelaromar.com\/wp-content\/uploads\/2026\/07\/costa-brava-sagaro.webp","contentUrl":"https:\/\/www.hotelaromar.com\/wp-content\/uploads\/2026\/07\/costa-brava-sagaro.webp","width":1774,"height":887},{"@type":"BreadcrumbList","@id":"https:\/\/www.hotelaromar.com\/es\/cami-de-ronda-s-agaro-es\/#breadcrumb","itemListElement":[{"@type":"ListItem","position":1,"name":"Portada","item":"https:\/\/www.hotelaromar.com\/es\/"},{"@type":"ListItem","position":2,"name":"Descubre la Costa Brava: visita el Cam\u00ed de Ronda, S&#8217;Agar\u00f3"}]},{"@type":"WebSite","@id":"https:\/\/www.hotelaromar.com\/es\/#website","url":"https:\/\/www.hotelaromar.com\/es\/","name":"Aromar Hotels & Restaurants","description":"Hotel Aromar","publisher":{"@id":"https:\/\/www.hotelaromar.com\/es\/#organization"},"alternateName":"Aromar Hotels & Restaurants","potentialAction":[{"@type":"SearchAction","target":{"@type":"EntryPoint","urlTemplate":"https:\/\/www.hotelaromar.com\/es\/?s={search_term_string}"},"query-input":{"@type":"PropertyValueSpecification","valueRequired":true,"valueName":"search_term_string"}}],"inLanguage":"es"},{"@type":"Organization","@id":"https:\/\/www.hotelaromar.com\/es\/#organization","name":"Hotel Aromar","alternateName":"Aromar Hotels","url":"https:\/\/www.hotelaromar.com\/es\/","logo":{"@type":"ImageObject","inLanguage":"es","@id":"https:\/\/www.hotelaromar.com\/es\/#\/schema\/logo\/image\/","url":"https:\/\/www.hotelaromar.com\/wp-content\/uploads\/2024\/04\/Aromar-2.jpg","contentUrl":"https:\/\/www.hotelaromar.com\/wp-content\/uploads\/2024\/04\/Aromar-2.jpg","width":696,"height":696,"caption":"Hotel Aromar"},"image":{"@id":"https:\/\/www.hotelaromar.com\/es\/#\/schema\/logo\/image\/"}},{"@type":"Person","@id":"https:\/\/www.hotelaromar.com\/es\/#\/schema\/person\/e8444f3aad536cf5bdfdebb4bde6c163","name":"Comunicaci\u00f3 Integral Neorg","image":{"@type":"ImageObject","inLanguage":"es","@id":"https:\/\/secure.gravatar.com\/avatar\/709d3d8015183afa7401c02e2291a538cbfd4ffe62f4d86ce5f4871f22e86b09?s=96&d=mm&r=g","url":"https:\/\/secure.gravatar.com\/avatar\/709d3d8015183afa7401c02e2291a538cbfd4ffe62f4d86ce5f4871f22e86b09?s=96&d=mm&r=g","contentUrl":"https:\/\/secure.gravatar.com\/avatar\/709d3d8015183afa7401c02e2291a538cbfd4ffe62f4d86ce5f4871f22e86b09?s=96&d=mm&r=g","caption":"Comunicaci\u00f3 Integral Neorg"},"sameAs":["https:\/\/www.hotelaromar.com"]}]}},"_links":{"self":[{"href":"https:\/\/www.hotelaromar.com\/es\/wp-json\/wp\/v2\/posts\/8116","targetHints":{"allow":["GET"]}}],"collection":[{"href":"https:\/\/www.hotelaromar.com\/es\/wp-json\/wp\/v2\/posts"}],"about":[{"href":"https:\/\/www.hotelaromar.com\/es\/wp-json\/wp\/v2\/types\/post"}],"author":[{"embeddable":true,"href":"https:\/\/www.hotelaromar.com\/es\/wp-json\/wp\/v2\/users\/1"}],"replies":[{"embeddable":true,"href":"https:\/\/www.hotelaromar.com\/es\/wp-json\/wp\/v2\/comments?post=8116"}],"version-history":[{"count":1,"href":"https:\/\/www.hotelaromar.com\/es\/wp-json\/wp\/v2\/posts\/8116\/revisions"}],"predecessor-version":[{"id":8467,"href":"https:\/\/www.hotelaromar.com\/es\/wp-json\/wp\/v2\/posts\/8116\/revisions\/8467"}],"wp:featuredmedia":[{"embeddable":true,"href":"https:\/\/www.hotelaromar.com\/es\/wp-json\/wp\/v2\/media\/10169"}],"wp:attachment":[{"href":"https:\/\/www.hotelaromar.com\/es\/wp-json\/wp\/v2\/media?parent=8116"}],"wp:term":[{"taxonomy":"category","embeddable":true,"href":"https:\/\/www.hotelaromar.com\/es\/wp-json\/wp\/v2\/categories?post=8116"},{"taxonomy":"post_tag","embeddable":true,"href":"https:\/\/www.hotelaromar.com\/es\/wp-json\/wp\/v2\/tags?post=8116"}],"curies":[{"name":"wp","href":"https:\/\/api.w.org\/{rel}","templated":true}]}}