{"id":8126,"date":"2026-07-03T12:09:22","date_gmt":"2026-07-03T10:09:22","guid":{"rendered":"https:\/\/www.hotelaromar.com\/cami-de-ronda-pla-de-palol-es\/"},"modified":"2026-07-08T09:02:55","modified_gmt":"2026-07-08T07:02:55","slug":"cami-de-ronda-pla-de-palol-es","status":"publish","type":"post","link":"https:\/\/www.hotelaromar.com\/es\/cami-de-ronda-pla-de-palol-es\/","title":{"rendered":"Descubre la Costa Brava: visitas al Cam\u00ed de Ronda y la Vila Romana de Pla de Palol"},"content":{"rendered":"<h2>Encuentra el plan que m\u00e1s se adec\u00fae a ti<\/h2>\n<p>La Oficina de Turismo de Castell-Platja d&#8217;Aro ofrece visitas a los diferentes puntos de la ciudad para aprovechar en familia. \u00a1Despu\u00e9s de un d\u00eda de playa conozca la zona y su historia!<\/p>\n<h2>Cam\u00ed de Ronda<\/h2>\n<p>Los caminos de Ronda rodean y comunican las playas, calas y la poblaci\u00f3n. Surgen en el siglo XIX, utilizados para proteger a los ciudadanos y usados por la Guardia Civil para evitar el mercado ilegal mar\u00edtimo.<\/p>\n<p>Hoy se ha reformado para ser un paseo mar\u00edtimo de 4 kil\u00f3metros de longitud apto para toda la familia. Desde all\u00ed se pueden disfrutar los azules del Mar Mediterr\u00e1neo y la vegetaci\u00f3n con vistas incre\u00edbles en un paseo para recordar.<\/p>\n<p>Todas las visitas son a las 19 horas<\/p>\n<p>Catal\u00e1n-English<\/p>\n<p>21 de julio<\/p>\n<p>25 de agosto<\/p>\n<p>Espa\u00f1ol-Fran\u00e7ais<\/p>\n<p>7 de julio<\/p>\n<p>11 de agosto<\/p>\n<h2>Vila Romana de Pla de Palol<\/h2>\n<p>La Vila Romana de Pla de Palol data del siglo I a.C., es una de las colonias romanas m\u00e1s importantes y en 1959 comenzaron las excavaciones. No fue hasta 1998 que se mostraron al p\u00fablico.<\/p>\n<p>Se destacan las termas, descubrir las formas de producci\u00f3n romanas, lugares de almacenamiento y grandes terrazas. Descubre en la visita guiada la historia y los secretos del patrimonio hist\u00f3rico de Platja d&#8217;Aro.<\/p>\n<h2>Jornada enol\u00f3gica D.O. Portcianus en Vila Romana de Pla de Palol<\/h2>\n<p>\u00a1Actividades para conmemorar y celebrar una de las principales actividades econ\u00f3micas de la zona! Visita a las termas, una vendimia tradicional, actividades para los ni\u00f1os y cata de vinos para adultos.<\/p>\n<p>18 DE SEPTIEMBRE<\/p>\n<p>Ni\u00f1os (3 a 10 a\u00f1os) de 11 a 13 horas<\/p>\n<p>Visita a las termas 11-13 horas y de 18 a 20 horas (CAT\/ES\/LSC)<\/p>\n<p>Cata para adultos 18-20 horas<\/p>\n<h2>Teatralizaci\u00f3n: Vila Romana de Pla de Palol<\/h2>\n<p>Los personajes romanos Marcus y Julia nos mostrar\u00e1n la historia de las ruinas de la villa romana que entre los siglos I a.C. hasta el VII d.C. se dedic\u00f3 a la industria vitivin\u00edcola y a la extracci\u00f3n de arcilla que se exportaba desde el puerto natural de Cala Rovira.<\/p>\n<p>Todas las funciones son a las 19 horas<\/p>\n<p>Catal\u00e1n<\/p>\n<p>15 y 29 de julio<\/p>\n<p>19 de agosto<\/p>\n<p>Apto para todos los p\u00fablicos<\/p>\n<p>Precio: \u20ac2,50\/persona por actividad<\/p>\n<p>Las plazas son limitadas.<\/p>\n<p>Reservar en la web y en la Oficina de Turismo<\/p>\n<p>Consulta tambi\u00e9n las Visitas Guiadas al Cam\u00ed de Ronda y al Barrio antiguo de Castell d&#8217;Aro<\/p>\n<p>\u00a1Reserva Ahora!<\/p>\n","protected":false},"excerpt":{"rendered":"<p>Encuentra el plan que m\u00e1s se adec\u00fae a ti La Oficina de Turismo de Castell-Platja d&#8217;Aro ofrece visitas a los diferentes puntos de la ciudad para aprovechar en familia. \u00a1Despu\u00e9s de un d\u00eda de playa conozca la zona y su historia! Cam\u00ed de Ronda Los caminos de Ronda rodean y comunican las playas, calas y&hellip;&nbsp;<\/p>\n","protected":false},"author":1,"featured_media":10189,"comment_status":"closed","ping_status":"closed","sticky":false,"template":"","format":"standard","meta":{"_acf_changed":false,"neve_meta_sidebar":"","neve_meta_container":"","neve_meta_enable_content_width":"","neve_meta_content_width":0,"neve_meta_title_alignment":"","neve_meta_author_avatar":"","neve_post_elements_order":"","neve_meta_disable_header":"","neve_meta_disable_footer":"","neve_meta_disable_title":"","neve_meta_reading_time":"","footnotes":""},"categories":[1,25],"tags":[],"class_list":["post-8126","post","type-post","status-publish","format-standard","has-post-thumbnail","hentry","category-uncategorized-ca","category-sin-categorizar"],"acf":[],"yoast_head":"<!-- This site is optimized with the Yoast SEO plugin v28.4 - https:\/\/yoast.com\/product\/yoast-seo-wordpress\/ -->\n<title>Descubre la Costa Brava: visitas al Cam\u00ed de Ronda y la Vila Romana de Pla de Palol | Hotel Aromar<\/title>\n<meta name=\"robots\" content=\"index, follow, max-snippet:-1, max-image-preview:large, max-video-preview:-1\" \/>\n<link rel=\"canonical\" href=\"https:\/\/www.hotelaromar.com\/es\/cami-de-ronda-pla-de-palol-es\/\" \/>\n<meta property=\"og:locale\" content=\"es_ES\" \/>\n<meta property=\"og:type\" content=\"article\" \/>\n<meta property=\"og:title\" content=\"Descubre la Costa Brava: visitas al Cam\u00ed de Ronda y la Vila Romana de Pla de Palol | Hotel Aromar\" \/>\n<meta property=\"og:description\" content=\"Encuentra el plan que m\u00e1s se adec\u00fae a ti La Oficina de Turismo de Castell-Platja d&#8217;Aro ofrece visitas a los diferentes puntos de la ciudad para aprovechar en familia. \u00a1Despu\u00e9s de un d\u00eda de playa conozca la zona y su historia! Cam\u00ed de Ronda Los caminos de Ronda rodean y comunican las playas, calas y&hellip;&nbsp;\" \/>\n<meta property=\"og:url\" content=\"https:\/\/www.hotelaromar.com\/es\/cami-de-ronda-pla-de-palol-es\/\" \/>\n<meta property=\"og:site_name\" content=\"Hotel Aromar\" \/>\n<meta property=\"article:published_time\" content=\"2026-07-03T10:09:22+00:00\" \/>\n<meta property=\"article:modified_time\" content=\"2026-07-08T07:02:55+00:00\" \/>\n<meta property=\"og:image\" content=\"https:\/\/www.hotelaromar.com\/wp-content\/uploads\/2026\/07\/cami-de-ronda.webp\" \/>\n\t<meta property=\"og:image:width\" content=\"1774\" \/>\n\t<meta property=\"og:image:height\" content=\"887\" \/>\n\t<meta property=\"og:image:type\" content=\"image\/webp\" \/>\n<meta name=\"author\" content=\"Comunicaci\u00f3 Integral Neorg\" \/>\n<meta name=\"twitter:card\" content=\"summary_large_image\" \/>\n<meta name=\"twitter:label1\" content=\"Escrito por\" \/>\n\t<meta name=\"twitter:data1\" content=\"Comunicaci\u00f3 Integral Neorg\" \/>\n\t<meta name=\"twitter:label2\" content=\"Tiempo de lectura\" \/>\n\t<meta name=\"twitter:data2\" content=\"2 minutos\" \/>\n<script type=\"application\/ld+json\" class=\"yoast-schema-graph\">{\"@context\":\"https:\\\/\\\/schema.org\",\"@graph\":[{\"@type\":\"Article\",\"@id\":\"https:\\\/\\\/www.hotelaromar.com\\\/es\\\/cami-de-ronda-pla-de-palol-es\\\/#article\",\"isPartOf\":{\"@id\":\"https:\\\/\\\/www.hotelaromar.com\\\/es\\\/cami-de-ronda-pla-de-palol-es\\\/\"},\"author\":{\"name\":\"Comunicaci\u00f3 Integral Neorg\",\"@id\":\"https:\\\/\\\/www.hotelaromar.com\\\/es\\\/#\\\/schema\\\/person\\\/e8444f3aad536cf5bdfdebb4bde6c163\"},\"headline\":\"Descubre la Costa Brava: visitas al Cam\u00ed de Ronda y la Vila Romana de Pla de Palol\",\"datePublished\":\"2026-07-03T10:09:22+00:00\",\"dateModified\":\"2026-07-08T07:02:55+00:00\",\"mainEntityOfPage\":{\"@id\":\"https:\\\/\\\/www.hotelaromar.com\\\/es\\\/cami-de-ronda-pla-de-palol-es\\\/\"},\"wordCount\":439,\"publisher\":{\"@id\":\"https:\\\/\\\/www.hotelaromar.com\\\/es\\\/#organization\"},\"image\":{\"@id\":\"https:\\\/\\\/www.hotelaromar.com\\\/es\\\/cami-de-ronda-pla-de-palol-es\\\/#primaryimage\"},\"thumbnailUrl\":\"https:\\\/\\\/www.hotelaromar.com\\\/wp-content\\\/uploads\\\/2026\\\/07\\\/cami-de-ronda.webp\",\"articleSection\":[\"Aromar Hotels\",\"Aromar Hotels\"],\"inLanguage\":\"es\"},{\"@type\":\"WebPage\",\"@id\":\"https:\\\/\\\/www.hotelaromar.com\\\/es\\\/cami-de-ronda-pla-de-palol-es\\\/\",\"url\":\"https:\\\/\\\/www.hotelaromar.com\\\/es\\\/cami-de-ronda-pla-de-palol-es\\\/\",\"name\":\"Descubre la Costa Brava: visitas al Cam\u00ed de Ronda y la Vila Romana de Pla de Palol | Hotel Aromar\",\"isPartOf\":{\"@id\":\"https:\\\/\\\/www.hotelaromar.com\\\/es\\\/#website\"},\"primaryImageOfPage\":{\"@id\":\"https:\\\/\\\/www.hotelaromar.com\\\/es\\\/cami-de-ronda-pla-de-palol-es\\\/#primaryimage\"},\"image\":{\"@id\":\"https:\\\/\\\/www.hotelaromar.com\\\/es\\\/cami-de-ronda-pla-de-palol-es\\\/#primaryimage\"},\"thumbnailUrl\":\"https:\\\/\\\/www.hotelaromar.com\\\/wp-content\\\/uploads\\\/2026\\\/07\\\/cami-de-ronda.webp\",\"datePublished\":\"2026-07-03T10:09:22+00:00\",\"dateModified\":\"2026-07-08T07:02:55+00:00\",\"breadcrumb\":{\"@id\":\"https:\\\/\\\/www.hotelaromar.com\\\/es\\\/cami-de-ronda-pla-de-palol-es\\\/#breadcrumb\"},\"inLanguage\":\"es\",\"potentialAction\":[{\"@type\":\"ReadAction\",\"target\":[\"https:\\\/\\\/www.hotelaromar.com\\\/es\\\/cami-de-ronda-pla-de-palol-es\\\/\"]}]},{\"@type\":\"ImageObject\",\"inLanguage\":\"es\",\"@id\":\"https:\\\/\\\/www.hotelaromar.com\\\/es\\\/cami-de-ronda-pla-de-palol-es\\\/#primaryimage\",\"url\":\"https:\\\/\\\/www.hotelaromar.com\\\/wp-content\\\/uploads\\\/2026\\\/07\\\/cami-de-ronda.webp\",\"contentUrl\":\"https:\\\/\\\/www.hotelaromar.com\\\/wp-content\\\/uploads\\\/2026\\\/07\\\/cami-de-ronda.webp\",\"width\":1774,\"height\":887},{\"@type\":\"BreadcrumbList\",\"@id\":\"https:\\\/\\\/www.hotelaromar.com\\\/es\\\/cami-de-ronda-pla-de-palol-es\\\/#breadcrumb\",\"itemListElement\":[{\"@type\":\"ListItem\",\"position\":1,\"name\":\"Portada\",\"item\":\"https:\\\/\\\/www.hotelaromar.com\\\/es\\\/\"},{\"@type\":\"ListItem\",\"position\":2,\"name\":\"Descubre la Costa Brava: visitas al Cam\u00ed de Ronda y la Vila Romana de Pla de Palol\"}]},{\"@type\":\"WebSite\",\"@id\":\"https:\\\/\\\/www.hotelaromar.com\\\/es\\\/#website\",\"url\":\"https:\\\/\\\/www.hotelaromar.com\\\/es\\\/\",\"name\":\"Aromar Hotels & Restaurants\",\"description\":\"Hotel Aromar\",\"publisher\":{\"@id\":\"https:\\\/\\\/www.hotelaromar.com\\\/es\\\/#organization\"},\"alternateName\":\"Aromar Hotels & Restaurants\",\"potentialAction\":[{\"@type\":\"SearchAction\",\"target\":{\"@type\":\"EntryPoint\",\"urlTemplate\":\"https:\\\/\\\/www.hotelaromar.com\\\/es\\\/?s={search_term_string}\"},\"query-input\":{\"@type\":\"PropertyValueSpecification\",\"valueRequired\":true,\"valueName\":\"search_term_string\"}}],\"inLanguage\":\"es\"},{\"@type\":\"Organization\",\"@id\":\"https:\\\/\\\/www.hotelaromar.com\\\/es\\\/#organization\",\"name\":\"Hotel Aromar\",\"alternateName\":\"Aromar Hotels\",\"url\":\"https:\\\/\\\/www.hotelaromar.com\\\/es\\\/\",\"logo\":{\"@type\":\"ImageObject\",\"inLanguage\":\"es\",\"@id\":\"https:\\\/\\\/www.hotelaromar.com\\\/es\\\/#\\\/schema\\\/logo\\\/image\\\/\",\"url\":\"https:\\\/\\\/www.hotelaromar.com\\\/wp-content\\\/uploads\\\/2024\\\/04\\\/Aromar-2.jpg\",\"contentUrl\":\"https:\\\/\\\/www.hotelaromar.com\\\/wp-content\\\/uploads\\\/2024\\\/04\\\/Aromar-2.jpg\",\"width\":696,\"height\":696,\"caption\":\"Hotel Aromar\"},\"image\":{\"@id\":\"https:\\\/\\\/www.hotelaromar.com\\\/es\\\/#\\\/schema\\\/logo\\\/image\\\/\"}},{\"@type\":\"Person\",\"@id\":\"https:\\\/\\\/www.hotelaromar.com\\\/es\\\/#\\\/schema\\\/person\\\/e8444f3aad536cf5bdfdebb4bde6c163\",\"name\":\"Comunicaci\u00f3 Integral Neorg\",\"image\":{\"@type\":\"ImageObject\",\"inLanguage\":\"es\",\"@id\":\"https:\\\/\\\/secure.gravatar.com\\\/avatar\\\/709d3d8015183afa7401c02e2291a538cbfd4ffe62f4d86ce5f4871f22e86b09?s=96&d=mm&r=g\",\"url\":\"https:\\\/\\\/secure.gravatar.com\\\/avatar\\\/709d3d8015183afa7401c02e2291a538cbfd4ffe62f4d86ce5f4871f22e86b09?s=96&d=mm&r=g\",\"contentUrl\":\"https:\\\/\\\/secure.gravatar.com\\\/avatar\\\/709d3d8015183afa7401c02e2291a538cbfd4ffe62f4d86ce5f4871f22e86b09?s=96&d=mm&r=g\",\"caption\":\"Comunicaci\u00f3 Integral Neorg\"},\"sameAs\":[\"https:\\\/\\\/www.hotelaromar.com\"]}]}<\/script>\n<!-- \/ Yoast SEO plugin. -->","yoast_head_json":{"title":"Descubre la Costa Brava: visitas al Cam\u00ed de Ronda y la Vila Romana de Pla de Palol | Hotel Aromar","robots":{"index":"index","follow":"follow","max-snippet":"max-snippet:-1","max-image-preview":"max-image-preview:large","max-video-preview":"max-video-preview:-1"},"canonical":"https:\/\/www.hotelaromar.com\/es\/cami-de-ronda-pla-de-palol-es\/","og_locale":"es_ES","og_type":"article","og_title":"Descubre la Costa Brava: visitas al Cam\u00ed de Ronda y la Vila Romana de Pla de Palol | Hotel Aromar","og_description":"Encuentra el plan que m\u00e1s se adec\u00fae a ti La Oficina de Turismo de Castell-Platja d&#8217;Aro ofrece visitas a los diferentes puntos de la ciudad para aprovechar en familia. \u00a1Despu\u00e9s de un d\u00eda de playa conozca la zona y su historia! Cam\u00ed de Ronda Los caminos de Ronda rodean y comunican las playas, calas y&hellip;&nbsp;","og_url":"https:\/\/www.hotelaromar.com\/es\/cami-de-ronda-pla-de-palol-es\/","og_site_name":"Hotel Aromar","article_published_time":"2026-07-03T10:09:22+00:00","article_modified_time":"2026-07-08T07:02:55+00:00","og_image":[{"width":1774,"height":887,"url":"https:\/\/www.hotelaromar.com\/wp-content\/uploads\/2026\/07\/cami-de-ronda.webp","type":"image\/webp"}],"author":"Comunicaci\u00f3 Integral Neorg","twitter_card":"summary_large_image","twitter_misc":{"Escrito por":"Comunicaci\u00f3 Integral Neorg","Tiempo de lectura":"2 minutos"},"schema":{"@context":"https:\/\/schema.org","@graph":[{"@type":"Article","@id":"https:\/\/www.hotelaromar.com\/es\/cami-de-ronda-pla-de-palol-es\/#article","isPartOf":{"@id":"https:\/\/www.hotelaromar.com\/es\/cami-de-ronda-pla-de-palol-es\/"},"author":{"name":"Comunicaci\u00f3 Integral Neorg","@id":"https:\/\/www.hotelaromar.com\/es\/#\/schema\/person\/e8444f3aad536cf5bdfdebb4bde6c163"},"headline":"Descubre la Costa Brava: visitas al Cam\u00ed de Ronda y la Vila Romana de Pla de Palol","datePublished":"2026-07-03T10:09:22+00:00","dateModified":"2026-07-08T07:02:55+00:00","mainEntityOfPage":{"@id":"https:\/\/www.hotelaromar.com\/es\/cami-de-ronda-pla-de-palol-es\/"},"wordCount":439,"publisher":{"@id":"https:\/\/www.hotelaromar.com\/es\/#organization"},"image":{"@id":"https:\/\/www.hotelaromar.com\/es\/cami-de-ronda-pla-de-palol-es\/#primaryimage"},"thumbnailUrl":"https:\/\/www.hotelaromar.com\/wp-content\/uploads\/2026\/07\/cami-de-ronda.webp","articleSection":["Aromar Hotels","Aromar Hotels"],"inLanguage":"es"},{"@type":"WebPage","@id":"https:\/\/www.hotelaromar.com\/es\/cami-de-ronda-pla-de-palol-es\/","url":"https:\/\/www.hotelaromar.com\/es\/cami-de-ronda-pla-de-palol-es\/","name":"Descubre la Costa Brava: visitas al Cam\u00ed de Ronda y la Vila Romana de Pla de Palol | Hotel Aromar","isPartOf":{"@id":"https:\/\/www.hotelaromar.com\/es\/#website"},"primaryImageOfPage":{"@id":"https:\/\/www.hotelaromar.com\/es\/cami-de-ronda-pla-de-palol-es\/#primaryimage"},"image":{"@id":"https:\/\/www.hotelaromar.com\/es\/cami-de-ronda-pla-de-palol-es\/#primaryimage"},"thumbnailUrl":"https:\/\/www.hotelaromar.com\/wp-content\/uploads\/2026\/07\/cami-de-ronda.webp","datePublished":"2026-07-03T10:09:22+00:00","dateModified":"2026-07-08T07:02:55+00:00","breadcrumb":{"@id":"https:\/\/www.hotelaromar.com\/es\/cami-de-ronda-pla-de-palol-es\/#breadcrumb"},"inLanguage":"es","potentialAction":[{"@type":"ReadAction","target":["https:\/\/www.hotelaromar.com\/es\/cami-de-ronda-pla-de-palol-es\/"]}]},{"@type":"ImageObject","inLanguage":"es","@id":"https:\/\/www.hotelaromar.com\/es\/cami-de-ronda-pla-de-palol-es\/#primaryimage","url":"https:\/\/www.hotelaromar.com\/wp-content\/uploads\/2026\/07\/cami-de-ronda.webp","contentUrl":"https:\/\/www.hotelaromar.com\/wp-content\/uploads\/2026\/07\/cami-de-ronda.webp","width":1774,"height":887},{"@type":"BreadcrumbList","@id":"https:\/\/www.hotelaromar.com\/es\/cami-de-ronda-pla-de-palol-es\/#breadcrumb","itemListElement":[{"@type":"ListItem","position":1,"name":"Portada","item":"https:\/\/www.hotelaromar.com\/es\/"},{"@type":"ListItem","position":2,"name":"Descubre la Costa Brava: visitas al Cam\u00ed de Ronda y la Vila Romana de Pla de Palol"}]},{"@type":"WebSite","@id":"https:\/\/www.hotelaromar.com\/es\/#website","url":"https:\/\/www.hotelaromar.com\/es\/","name":"Aromar Hotels & Restaurants","description":"Hotel Aromar","publisher":{"@id":"https:\/\/www.hotelaromar.com\/es\/#organization"},"alternateName":"Aromar Hotels & Restaurants","potentialAction":[{"@type":"SearchAction","target":{"@type":"EntryPoint","urlTemplate":"https:\/\/www.hotelaromar.com\/es\/?s={search_term_string}"},"query-input":{"@type":"PropertyValueSpecification","valueRequired":true,"valueName":"search_term_string"}}],"inLanguage":"es"},{"@type":"Organization","@id":"https:\/\/www.hotelaromar.com\/es\/#organization","name":"Hotel Aromar","alternateName":"Aromar Hotels","url":"https:\/\/www.hotelaromar.com\/es\/","logo":{"@type":"ImageObject","inLanguage":"es","@id":"https:\/\/www.hotelaromar.com\/es\/#\/schema\/logo\/image\/","url":"https:\/\/www.hotelaromar.com\/wp-content\/uploads\/2024\/04\/Aromar-2.jpg","contentUrl":"https:\/\/www.hotelaromar.com\/wp-content\/uploads\/2024\/04\/Aromar-2.jpg","width":696,"height":696,"caption":"Hotel Aromar"},"image":{"@id":"https:\/\/www.hotelaromar.com\/es\/#\/schema\/logo\/image\/"}},{"@type":"Person","@id":"https:\/\/www.hotelaromar.com\/es\/#\/schema\/person\/e8444f3aad536cf5bdfdebb4bde6c163","name":"Comunicaci\u00f3 Integral Neorg","image":{"@type":"ImageObject","inLanguage":"es","@id":"https:\/\/secure.gravatar.com\/avatar\/709d3d8015183afa7401c02e2291a538cbfd4ffe62f4d86ce5f4871f22e86b09?s=96&d=mm&r=g","url":"https:\/\/secure.gravatar.com\/avatar\/709d3d8015183afa7401c02e2291a538cbfd4ffe62f4d86ce5f4871f22e86b09?s=96&d=mm&r=g","contentUrl":"https:\/\/secure.gravatar.com\/avatar\/709d3d8015183afa7401c02e2291a538cbfd4ffe62f4d86ce5f4871f22e86b09?s=96&d=mm&r=g","caption":"Comunicaci\u00f3 Integral Neorg"},"sameAs":["https:\/\/www.hotelaromar.com"]}]}},"_links":{"self":[{"href":"https:\/\/www.hotelaromar.com\/es\/wp-json\/wp\/v2\/posts\/8126","targetHints":{"allow":["GET"]}}],"collection":[{"href":"https:\/\/www.hotelaromar.com\/es\/wp-json\/wp\/v2\/posts"}],"about":[{"href":"https:\/\/www.hotelaromar.com\/es\/wp-json\/wp\/v2\/types\/post"}],"author":[{"embeddable":true,"href":"https:\/\/www.hotelaromar.com\/es\/wp-json\/wp\/v2\/users\/1"}],"replies":[{"embeddable":true,"href":"https:\/\/www.hotelaromar.com\/es\/wp-json\/wp\/v2\/comments?post=8126"}],"version-history":[{"count":1,"href":"https:\/\/www.hotelaromar.com\/es\/wp-json\/wp\/v2\/posts\/8126\/revisions"}],"predecessor-version":[{"id":8470,"href":"https:\/\/www.hotelaromar.com\/es\/wp-json\/wp\/v2\/posts\/8126\/revisions\/8470"}],"wp:featuredmedia":[{"embeddable":true,"href":"https:\/\/www.hotelaromar.com\/es\/wp-json\/wp\/v2\/media\/10189"}],"wp:attachment":[{"href":"https:\/\/www.hotelaromar.com\/es\/wp-json\/wp\/v2\/media?parent=8126"}],"wp:term":[{"taxonomy":"category","embeddable":true,"href":"https:\/\/www.hotelaromar.com\/es\/wp-json\/wp\/v2\/categories?post=8126"},{"taxonomy":"post_tag","embeddable":true,"href":"https:\/\/www.hotelaromar.com\/es\/wp-json\/wp\/v2\/tags?post=8126"}],"curies":[{"name":"wp","href":"https:\/\/api.w.org\/{rel}","templated":true}]}}