{"id":7755,"date":"2024-04-22T12:15:45","date_gmt":"2024-04-22T10:15:45","guid":{"rendered":"https:\/\/www.hotelaromar.com\/cami-de-ronda-a-platja-daro-une-promenade-le-long-de-la-costa-brava\/"},"modified":"2024-04-22T12:15:45","modified_gmt":"2024-04-22T10:15:45","slug":"cami-de-ronda-a-platja-daro-une-promenade-le-long-de-la-costa-brava","status":"publish","type":"post","link":"https:\/\/www.hotelaromar.com\/fr\/cami-de-ronda-a-platja-daro-une-promenade-le-long-de-la-costa-brava\/","title":{"rendered":"Cam\u00ed de Ronda \u00e0 Platja d&rsquo;Aro : une promenade le long de la Costa Brava"},"content":{"rendered":"<p class=\"p1\">La ville de Platja d&rsquo;Aro est une destination touristique r\u00e9put\u00e9e pour ses vastes plages, sa promenade en bord de mer et sa vie nocturne anim\u00e9e. Outre ses infrastructures touristiques modernes, elle offre un riche m\u00e9lange de culture locale et de beaut\u00e9 naturelle, ce qui en fait un point de d\u00e9part id\u00e9al pour explorer le Cam\u00ed de Ronda. <\/p>\n<h2 class=\"p1\">Le sentier c\u00f4tier et son importance en tant qu&rsquo;itin\u00e9raire panoramique<\/h2>\n<p class=\"p1\">Le Cam\u00ed de Ronda est un sentier historique (d&rsquo;o\u00f9 son nom) qui longe la Costa Brava et permet d&rsquo;acc\u00e9der \u00e0 certaines des criques et des vues les plus spectaculaires de la r\u00e9gion. \u00c0 l&rsquo;origine, cet itin\u00e9raire \u00e9tait utilis\u00e9 par les garde-c\u00f4tes pour surveiller la contrebande, jusqu&rsquo;\u00e0 ce qu&rsquo;il devienne ce qu&rsquo;il est aujourd&rsquo;hui : une attraction touristique. <\/p>\n<h3 class=\"p1\">Origine historique de la promenade et son utilisation initiale<\/h3>\n<p class=\"p1\">Comme mentionn\u00e9 pr\u00e9c\u00e9demment, le Cam\u00ed de Ronda trouve son origine dans la n\u00e9cessit\u00e9 de surveiller la c\u00f4te catalane, servant \u00e0 patrouiller et \u00e0 pr\u00e9venir la contrebande. Il \u00e9tait surveill\u00e9 par les garde-c\u00f4tes, qui guettaient l&rsquo;arriv\u00e9e de marchandises ill\u00e9gales et toute activit\u00e9 suspecte le long de la c\u00f4te. <\/p>\n<p class=\"p1\">Amb el temps, el Cam\u00ed de Ronda ha estat rehabilitat i adaptat per al p\u00fablic. La conservaci\u00f3 del seu entorn natural s&rsquo;ha tornat priorit\u00e0ria, equilibrant l&rsquo;accessibilitat per als turistes amb la protecci\u00f3 del paisatge costaner i la seva biodiversitat. <\/p>\n<h3 class=\"p1\">Le sentier c\u00f4tier \u00e0 Platja d&rsquo;Aro<\/h3>\n<p class=\"p1\">Le tron\u00e7on du sentier c\u00f4tier qui traverse Platja d&rsquo;Aro est parsem\u00e9 de chemins de terre, d&rsquo;escaliers en pierre et de passerelles en bois, reliant diverses criques et plages et offrant une vue majestueuse sur la M\u00e9diterran\u00e9e. Il s&rsquo;agit d&rsquo;un parcours d&rsquo;environ 5 kilom\u00e8tres, d&rsquo;un niveau de difficult\u00e9 mod\u00e9r\u00e9, qui convient aussi bien aux promeneurs occasionnels qu&rsquo;aux randonneurs plus exp\u00e9riment\u00e9s. <\/p>\n<h3 class=\"p1\">Points forts et attractions<\/h3>\n<p class=\"p1\">Des del Cam\u00ed de Ronda a Platja d\u2019Aro, es poden apreciar punts d&rsquo;inter\u00e8s com s\u00f3n la Cala Rovira, Cala Sa Cova, i Cap Roig. Unes cales que ofereixen aig\u00fces cristal\u00b7lines i tranquil\u00b7les, ideals per a nedar o simplement gaudir del paisatge. Cala Rovira \u00e9s coneguda per la seva sorra daurada i ambient tranquil, mentre que la Cala Sa Cova destaca per les seves petites dimensions i aig\u00fces profundes envoltades de roques escarpades. No obstant aix\u00f2, ambdues s\u00f3n accessibles a trav\u00e9s del Cam\u00ed de Ronda.   <\/p>\n<h3 class=\"p1\">Quina \u00e9s la millor \u00e8poca per a rec\u00f3rrer-ho?<\/h3>\n<p class=\"p1\">Le printemps et l&rsquo;automne sont les meilleures saisons pour parcourir le sentier c\u00f4tier, car les temp\u00e9ratures sont moins \u00e9lev\u00e9es qu&rsquo;en \u00e9t\u00e9 et le paysage est \u00e0 son apog\u00e9e. Pendant ces p\u00e9riodes, le sentier est moins fr\u00e9quent\u00e9, ce qui rend l&rsquo;exp\u00e9rience plus agr\u00e9able. De plus, la section Platja d&rsquo;Aro du sentier c\u00f4tier est facilement accessible. En effet, on peut s&rsquo;y rendre sans probl\u00e8me par la route : il faut compter une demi-heure depuis G\u00e9rone et un peu plus d&rsquo;une heure depuis Barcelone. Vous pouvez vous y rendre en voiture ou en transports en commun, car cette ville dispose de lignes de bus qui relient r\u00e9guli\u00e8rement les deux capitales catalanes.    <span class=\"Apple-converted-space\"> <\/span><\/p>\n<p class=\"p1\">En fin de compte, le sentier c\u00f4tier de Platja d&rsquo;Aro offre une excellente occasion d&rsquo;explorer la beaut\u00e9 naturelle de la Costa Brava tout en profitant d&rsquo;une histoire riche et de vues spectaculaires sur la mer. Que vous recherchiez une escapade paisible ou active, cet itin\u00e9raire promet une exp\u00e9rience inoubliable \u00e0 tous les visiteurs. <\/p>\n","protected":false},"excerpt":{"rendered":"<p>La ville de Platja d&rsquo;Aro est une destination touristique r\u00e9put\u00e9e pour ses vastes plages, sa promenade en bord de mer et sa vie nocturne anim\u00e9e. Outre ses infrastructures touristiques modernes, elle offre un riche m\u00e9lange de culture locale et de beaut\u00e9 naturelle, ce qui en fait un point de d\u00e9part id\u00e9al pour explorer le Cam\u00ed&hellip;&nbsp;<\/p>\n","protected":false},"author":1,"featured_media":6804,"comment_status":"open","ping_status":"closed","sticky":false,"template":"","format":"standard","meta":{"_acf_changed":false,"neve_meta_sidebar":"","neve_meta_container":"","neve_meta_enable_content_width":"off","neve_meta_content_width":70,"neve_meta_title_alignment":"","neve_meta_author_avatar":"","neve_post_elements_order":"","neve_meta_disable_header":"","neve_meta_disable_footer":"","neve_meta_disable_title":"","neve_meta_reading_time":"","footnotes":""},"categories":[54],"tags":[],"class_list":["post-7755","post","type-post","status-publish","format-standard","has-post-thumbnail","hentry","category-nos-plages"],"acf":[],"yoast_head":"<!-- This site is optimized with the Yoast SEO plugin v28.4 - https:\/\/yoast.com\/product\/yoast-seo-wordpress\/ -->\n<title>Cam\u00ed de Ronda \u00e0 Platja d&#039;Aro : une promenade le long de la Costa Brava<\/title>\n<meta name=\"description\" content=\"El Cam\u00ed de Ronda \u00e9s un hist\u00f2ric cam\u00ed que recorre la Costa Brava, donant acc\u00e9s a algunes de les cales i vistes m\u00e9s espectaculars de la regi\u00f3.\" \/>\n<meta name=\"robots\" content=\"index, follow, max-snippet:-1, max-image-preview:large, max-video-preview:-1\" \/>\n<link rel=\"canonical\" href=\"https:\/\/www.hotelaromar.com\/fr\/cami-de-ronda-a-platja-daro-une-promenade-le-long-de-la-costa-brava\/\" \/>\n<meta property=\"og:locale\" content=\"fr_FR\" \/>\n<meta property=\"og:type\" content=\"article\" \/>\n<meta property=\"og:title\" content=\"Cam\u00ed de Ronda \u00e0 Platja d&#039;Aro : une promenade le long de la Costa Brava\" \/>\n<meta property=\"og:description\" content=\"El Cam\u00ed de Ronda \u00e9s un hist\u00f2ric cam\u00ed que recorre la Costa Brava, donant acc\u00e9s a algunes de les cales i vistes m\u00e9s espectaculars de la regi\u00f3.\" \/>\n<meta property=\"og:url\" content=\"https:\/\/www.hotelaromar.com\/fr\/cami-de-ronda-a-platja-daro-une-promenade-le-long-de-la-costa-brava\/\" \/>\n<meta property=\"og:site_name\" content=\"Hotel Aromar\" \/>\n<meta property=\"article:published_time\" content=\"2024-04-22T10:15:45+00:00\" \/>\n<meta property=\"og:image\" content=\"https:\/\/www.hotelaromar.com\/wp-content\/uploads\/2024\/04\/sagaro.webp\" \/>\n\t<meta property=\"og:image:width\" content=\"1500\" \/>\n\t<meta property=\"og:image:height\" content=\"2032\" \/>\n\t<meta property=\"og:image:type\" content=\"image\/webp\" \/>\n<meta name=\"author\" content=\"Comunicaci\u00f3 Integral Neorg\" \/>\n<meta name=\"twitter:card\" content=\"summary_large_image\" \/>\n<meta name=\"twitter:label1\" content=\"\u00c9crit par\" \/>\n\t<meta name=\"twitter:data1\" content=\"Comunicaci\u00f3 Integral Neorg\" \/>\n\t<meta name=\"twitter:label2\" content=\"Dur\u00e9e de lecture estim\u00e9e\" \/>\n\t<meta name=\"twitter:data2\" content=\"3 minutes\" \/>\n<script type=\"application\/ld+json\" class=\"yoast-schema-graph\">{\"@context\":\"https:\\\/\\\/schema.org\",\"@graph\":[{\"@type\":\"Article\",\"@id\":\"https:\\\/\\\/www.hotelaromar.com\\\/fr\\\/cami-de-ronda-a-platja-daro-une-promenade-le-long-de-la-costa-brava\\\/#article\",\"isPartOf\":{\"@id\":\"https:\\\/\\\/www.hotelaromar.com\\\/fr\\\/cami-de-ronda-a-platja-daro-une-promenade-le-long-de-la-costa-brava\\\/\"},\"author\":{\"name\":\"Comunicaci\u00f3 Integral Neorg\",\"@id\":\"https:\\\/\\\/www.hotelaromar.com\\\/fr\\\/#\\\/schema\\\/person\\\/e8444f3aad536cf5bdfdebb4bde6c163\"},\"headline\":\"Cam\u00ed de Ronda \u00e0 Platja d&rsquo;Aro : une promenade le long de la Costa Brava\",\"datePublished\":\"2024-04-22T10:15:45+00:00\",\"mainEntityOfPage\":{\"@id\":\"https:\\\/\\\/www.hotelaromar.com\\\/fr\\\/cami-de-ronda-a-platja-daro-une-promenade-le-long-de-la-costa-brava\\\/\"},\"wordCount\":632,\"commentCount\":0,\"publisher\":{\"@id\":\"https:\\\/\\\/www.hotelaromar.com\\\/fr\\\/#organization\"},\"image\":{\"@id\":\"https:\\\/\\\/www.hotelaromar.com\\\/fr\\\/cami-de-ronda-a-platja-daro-une-promenade-le-long-de-la-costa-brava\\\/#primaryimage\"},\"thumbnailUrl\":\"https:\\\/\\\/www.hotelaromar.com\\\/wp-content\\\/uploads\\\/2024\\\/04\\\/sagaro.webp\",\"articleSection\":[\"Nos plages\"],\"inLanguage\":\"fr-FR\",\"potentialAction\":[{\"@type\":\"CommentAction\",\"name\":\"Comment\",\"target\":[\"https:\\\/\\\/www.hotelaromar.com\\\/fr\\\/cami-de-ronda-a-platja-daro-une-promenade-le-long-de-la-costa-brava\\\/#respond\"]}]},{\"@type\":\"WebPage\",\"@id\":\"https:\\\/\\\/www.hotelaromar.com\\\/fr\\\/cami-de-ronda-a-platja-daro-une-promenade-le-long-de-la-costa-brava\\\/\",\"url\":\"https:\\\/\\\/www.hotelaromar.com\\\/fr\\\/cami-de-ronda-a-platja-daro-une-promenade-le-long-de-la-costa-brava\\\/\",\"name\":\"Cam\u00ed de Ronda \u00e0 Platja d'Aro : une promenade le long de la Costa Brava\",\"isPartOf\":{\"@id\":\"https:\\\/\\\/www.hotelaromar.com\\\/fr\\\/#website\"},\"primaryImageOfPage\":{\"@id\":\"https:\\\/\\\/www.hotelaromar.com\\\/fr\\\/cami-de-ronda-a-platja-daro-une-promenade-le-long-de-la-costa-brava\\\/#primaryimage\"},\"image\":{\"@id\":\"https:\\\/\\\/www.hotelaromar.com\\\/fr\\\/cami-de-ronda-a-platja-daro-une-promenade-le-long-de-la-costa-brava\\\/#primaryimage\"},\"thumbnailUrl\":\"https:\\\/\\\/www.hotelaromar.com\\\/wp-content\\\/uploads\\\/2024\\\/04\\\/sagaro.webp\",\"datePublished\":\"2024-04-22T10:15:45+00:00\",\"description\":\"El Cam\u00ed de Ronda \u00e9s un hist\u00f2ric cam\u00ed que recorre la Costa Brava, donant acc\u00e9s a algunes de les cales i vistes m\u00e9s espectaculars de la regi\u00f3.\",\"breadcrumb\":{\"@id\":\"https:\\\/\\\/www.hotelaromar.com\\\/fr\\\/cami-de-ronda-a-platja-daro-une-promenade-le-long-de-la-costa-brava\\\/#breadcrumb\"},\"inLanguage\":\"fr-FR\",\"potentialAction\":[{\"@type\":\"ReadAction\",\"target\":[\"https:\\\/\\\/www.hotelaromar.com\\\/fr\\\/cami-de-ronda-a-platja-daro-une-promenade-le-long-de-la-costa-brava\\\/\"]}]},{\"@type\":\"ImageObject\",\"inLanguage\":\"fr-FR\",\"@id\":\"https:\\\/\\\/www.hotelaromar.com\\\/fr\\\/cami-de-ronda-a-platja-daro-une-promenade-le-long-de-la-costa-brava\\\/#primaryimage\",\"url\":\"https:\\\/\\\/www.hotelaromar.com\\\/wp-content\\\/uploads\\\/2024\\\/04\\\/sagaro.webp\",\"contentUrl\":\"https:\\\/\\\/www.hotelaromar.com\\\/wp-content\\\/uploads\\\/2024\\\/04\\\/sagaro.webp\",\"width\":1500,\"height\":2032,\"caption\":\"Cam\u00ed de Ronda en Platja d\u2019Aro\"},{\"@type\":\"BreadcrumbList\",\"@id\":\"https:\\\/\\\/www.hotelaromar.com\\\/fr\\\/cami-de-ronda-a-platja-daro-une-promenade-le-long-de-la-costa-brava\\\/#breadcrumb\",\"itemListElement\":[{\"@type\":\"ListItem\",\"position\":1,\"name\":\"Portada\",\"item\":\"https:\\\/\\\/www.hotelaromar.com\\\/fr\\\/\"},{\"@type\":\"ListItem\",\"position\":2,\"name\":\"Cam\u00ed de Ronda \u00e0 Platja d&#8217;Aro : une promenade le long de la Costa Brava\"}]},{\"@type\":\"WebSite\",\"@id\":\"https:\\\/\\\/www.hotelaromar.com\\\/fr\\\/#website\",\"url\":\"https:\\\/\\\/www.hotelaromar.com\\\/fr\\\/\",\"name\":\"Aromar Hotels & Restaurants\",\"description\":\"Hotel Aromar\",\"publisher\":{\"@id\":\"https:\\\/\\\/www.hotelaromar.com\\\/fr\\\/#organization\"},\"alternateName\":\"Aromar Hotels & Restaurants\",\"potentialAction\":[{\"@type\":\"SearchAction\",\"target\":{\"@type\":\"EntryPoint\",\"urlTemplate\":\"https:\\\/\\\/www.hotelaromar.com\\\/fr\\\/?s={search_term_string}\"},\"query-input\":{\"@type\":\"PropertyValueSpecification\",\"valueRequired\":true,\"valueName\":\"search_term_string\"}}],\"inLanguage\":\"fr-FR\"},{\"@type\":\"Organization\",\"@id\":\"https:\\\/\\\/www.hotelaromar.com\\\/fr\\\/#organization\",\"name\":\"Hotel Aromar\",\"alternateName\":\"Aromar Hotels\",\"url\":\"https:\\\/\\\/www.hotelaromar.com\\\/fr\\\/\",\"logo\":{\"@type\":\"ImageObject\",\"inLanguage\":\"fr-FR\",\"@id\":\"https:\\\/\\\/www.hotelaromar.com\\\/fr\\\/#\\\/schema\\\/logo\\\/image\\\/\",\"url\":\"https:\\\/\\\/www.hotelaromar.com\\\/wp-content\\\/uploads\\\/2024\\\/04\\\/Aromar-2.jpg\",\"contentUrl\":\"https:\\\/\\\/www.hotelaromar.com\\\/wp-content\\\/uploads\\\/2024\\\/04\\\/Aromar-2.jpg\",\"width\":696,\"height\":696,\"caption\":\"Hotel Aromar\"},\"image\":{\"@id\":\"https:\\\/\\\/www.hotelaromar.com\\\/fr\\\/#\\\/schema\\\/logo\\\/image\\\/\"}},{\"@type\":\"Person\",\"@id\":\"https:\\\/\\\/www.hotelaromar.com\\\/fr\\\/#\\\/schema\\\/person\\\/e8444f3aad536cf5bdfdebb4bde6c163\",\"name\":\"Comunicaci\u00f3 Integral Neorg\",\"image\":{\"@type\":\"ImageObject\",\"inLanguage\":\"fr-FR\",\"@id\":\"https:\\\/\\\/secure.gravatar.com\\\/avatar\\\/709d3d8015183afa7401c02e2291a538cbfd4ffe62f4d86ce5f4871f22e86b09?s=96&d=mm&r=g\",\"url\":\"https:\\\/\\\/secure.gravatar.com\\\/avatar\\\/709d3d8015183afa7401c02e2291a538cbfd4ffe62f4d86ce5f4871f22e86b09?s=96&d=mm&r=g\",\"contentUrl\":\"https:\\\/\\\/secure.gravatar.com\\\/avatar\\\/709d3d8015183afa7401c02e2291a538cbfd4ffe62f4d86ce5f4871f22e86b09?s=96&d=mm&r=g\",\"caption\":\"Comunicaci\u00f3 Integral Neorg\"},\"sameAs\":[\"https:\\\/\\\/www.hotelaromar.com\"]}]}<\/script>\n<!-- \/ Yoast SEO plugin. -->","yoast_head_json":{"title":"Cam\u00ed de Ronda \u00e0 Platja d'Aro : une promenade le long de la Costa Brava","description":"El Cam\u00ed de Ronda \u00e9s un hist\u00f2ric cam\u00ed que recorre la Costa Brava, donant acc\u00e9s a algunes de les cales i vistes m\u00e9s espectaculars de la regi\u00f3.","robots":{"index":"index","follow":"follow","max-snippet":"max-snippet:-1","max-image-preview":"max-image-preview:large","max-video-preview":"max-video-preview:-1"},"canonical":"https:\/\/www.hotelaromar.com\/fr\/cami-de-ronda-a-platja-daro-une-promenade-le-long-de-la-costa-brava\/","og_locale":"fr_FR","og_type":"article","og_title":"Cam\u00ed de Ronda \u00e0 Platja d'Aro : une promenade le long de la Costa Brava","og_description":"El Cam\u00ed de Ronda \u00e9s un hist\u00f2ric cam\u00ed que recorre la Costa Brava, donant acc\u00e9s a algunes de les cales i vistes m\u00e9s espectaculars de la regi\u00f3.","og_url":"https:\/\/www.hotelaromar.com\/fr\/cami-de-ronda-a-platja-daro-une-promenade-le-long-de-la-costa-brava\/","og_site_name":"Hotel Aromar","article_published_time":"2024-04-22T10:15:45+00:00","og_image":[{"width":1500,"height":2032,"url":"https:\/\/www.hotelaromar.com\/wp-content\/uploads\/2024\/04\/sagaro.webp","type":"image\/webp"}],"author":"Comunicaci\u00f3 Integral Neorg","twitter_card":"summary_large_image","twitter_misc":{"\u00c9crit par":"Comunicaci\u00f3 Integral Neorg","Dur\u00e9e de lecture estim\u00e9e":"3 minutes"},"schema":{"@context":"https:\/\/schema.org","@graph":[{"@type":"Article","@id":"https:\/\/www.hotelaromar.com\/fr\/cami-de-ronda-a-platja-daro-une-promenade-le-long-de-la-costa-brava\/#article","isPartOf":{"@id":"https:\/\/www.hotelaromar.com\/fr\/cami-de-ronda-a-platja-daro-une-promenade-le-long-de-la-costa-brava\/"},"author":{"name":"Comunicaci\u00f3 Integral Neorg","@id":"https:\/\/www.hotelaromar.com\/fr\/#\/schema\/person\/e8444f3aad536cf5bdfdebb4bde6c163"},"headline":"Cam\u00ed de Ronda \u00e0 Platja d&rsquo;Aro : une promenade le long de la Costa Brava","datePublished":"2024-04-22T10:15:45+00:00","mainEntityOfPage":{"@id":"https:\/\/www.hotelaromar.com\/fr\/cami-de-ronda-a-platja-daro-une-promenade-le-long-de-la-costa-brava\/"},"wordCount":632,"commentCount":0,"publisher":{"@id":"https:\/\/www.hotelaromar.com\/fr\/#organization"},"image":{"@id":"https:\/\/www.hotelaromar.com\/fr\/cami-de-ronda-a-platja-daro-une-promenade-le-long-de-la-costa-brava\/#primaryimage"},"thumbnailUrl":"https:\/\/www.hotelaromar.com\/wp-content\/uploads\/2024\/04\/sagaro.webp","articleSection":["Nos plages"],"inLanguage":"fr-FR","potentialAction":[{"@type":"CommentAction","name":"Comment","target":["https:\/\/www.hotelaromar.com\/fr\/cami-de-ronda-a-platja-daro-une-promenade-le-long-de-la-costa-brava\/#respond"]}]},{"@type":"WebPage","@id":"https:\/\/www.hotelaromar.com\/fr\/cami-de-ronda-a-platja-daro-une-promenade-le-long-de-la-costa-brava\/","url":"https:\/\/www.hotelaromar.com\/fr\/cami-de-ronda-a-platja-daro-une-promenade-le-long-de-la-costa-brava\/","name":"Cam\u00ed de Ronda \u00e0 Platja d'Aro : une promenade le long de la Costa Brava","isPartOf":{"@id":"https:\/\/www.hotelaromar.com\/fr\/#website"},"primaryImageOfPage":{"@id":"https:\/\/www.hotelaromar.com\/fr\/cami-de-ronda-a-platja-daro-une-promenade-le-long-de-la-costa-brava\/#primaryimage"},"image":{"@id":"https:\/\/www.hotelaromar.com\/fr\/cami-de-ronda-a-platja-daro-une-promenade-le-long-de-la-costa-brava\/#primaryimage"},"thumbnailUrl":"https:\/\/www.hotelaromar.com\/wp-content\/uploads\/2024\/04\/sagaro.webp","datePublished":"2024-04-22T10:15:45+00:00","description":"El Cam\u00ed de Ronda \u00e9s un hist\u00f2ric cam\u00ed que recorre la Costa Brava, donant acc\u00e9s a algunes de les cales i vistes m\u00e9s espectaculars de la regi\u00f3.","breadcrumb":{"@id":"https:\/\/www.hotelaromar.com\/fr\/cami-de-ronda-a-platja-daro-une-promenade-le-long-de-la-costa-brava\/#breadcrumb"},"inLanguage":"fr-FR","potentialAction":[{"@type":"ReadAction","target":["https:\/\/www.hotelaromar.com\/fr\/cami-de-ronda-a-platja-daro-une-promenade-le-long-de-la-costa-brava\/"]}]},{"@type":"ImageObject","inLanguage":"fr-FR","@id":"https:\/\/www.hotelaromar.com\/fr\/cami-de-ronda-a-platja-daro-une-promenade-le-long-de-la-costa-brava\/#primaryimage","url":"https:\/\/www.hotelaromar.com\/wp-content\/uploads\/2024\/04\/sagaro.webp","contentUrl":"https:\/\/www.hotelaromar.com\/wp-content\/uploads\/2024\/04\/sagaro.webp","width":1500,"height":2032,"caption":"Cam\u00ed de Ronda en Platja d\u2019Aro"},{"@type":"BreadcrumbList","@id":"https:\/\/www.hotelaromar.com\/fr\/cami-de-ronda-a-platja-daro-une-promenade-le-long-de-la-costa-brava\/#breadcrumb","itemListElement":[{"@type":"ListItem","position":1,"name":"Portada","item":"https:\/\/www.hotelaromar.com\/fr\/"},{"@type":"ListItem","position":2,"name":"Cam\u00ed de Ronda \u00e0 Platja d&#8217;Aro : une promenade le long de la Costa Brava"}]},{"@type":"WebSite","@id":"https:\/\/www.hotelaromar.com\/fr\/#website","url":"https:\/\/www.hotelaromar.com\/fr\/","name":"Aromar Hotels & Restaurants","description":"Hotel Aromar","publisher":{"@id":"https:\/\/www.hotelaromar.com\/fr\/#organization"},"alternateName":"Aromar Hotels & Restaurants","potentialAction":[{"@type":"SearchAction","target":{"@type":"EntryPoint","urlTemplate":"https:\/\/www.hotelaromar.com\/fr\/?s={search_term_string}"},"query-input":{"@type":"PropertyValueSpecification","valueRequired":true,"valueName":"search_term_string"}}],"inLanguage":"fr-FR"},{"@type":"Organization","@id":"https:\/\/www.hotelaromar.com\/fr\/#organization","name":"Hotel Aromar","alternateName":"Aromar Hotels","url":"https:\/\/www.hotelaromar.com\/fr\/","logo":{"@type":"ImageObject","inLanguage":"fr-FR","@id":"https:\/\/www.hotelaromar.com\/fr\/#\/schema\/logo\/image\/","url":"https:\/\/www.hotelaromar.com\/wp-content\/uploads\/2024\/04\/Aromar-2.jpg","contentUrl":"https:\/\/www.hotelaromar.com\/wp-content\/uploads\/2024\/04\/Aromar-2.jpg","width":696,"height":696,"caption":"Hotel Aromar"},"image":{"@id":"https:\/\/www.hotelaromar.com\/fr\/#\/schema\/logo\/image\/"}},{"@type":"Person","@id":"https:\/\/www.hotelaromar.com\/fr\/#\/schema\/person\/e8444f3aad536cf5bdfdebb4bde6c163","name":"Comunicaci\u00f3 Integral Neorg","image":{"@type":"ImageObject","inLanguage":"fr-FR","@id":"https:\/\/secure.gravatar.com\/avatar\/709d3d8015183afa7401c02e2291a538cbfd4ffe62f4d86ce5f4871f22e86b09?s=96&d=mm&r=g","url":"https:\/\/secure.gravatar.com\/avatar\/709d3d8015183afa7401c02e2291a538cbfd4ffe62f4d86ce5f4871f22e86b09?s=96&d=mm&r=g","contentUrl":"https:\/\/secure.gravatar.com\/avatar\/709d3d8015183afa7401c02e2291a538cbfd4ffe62f4d86ce5f4871f22e86b09?s=96&d=mm&r=g","caption":"Comunicaci\u00f3 Integral Neorg"},"sameAs":["https:\/\/www.hotelaromar.com"]}]}},"_links":{"self":[{"href":"https:\/\/www.hotelaromar.com\/fr\/wp-json\/wp\/v2\/posts\/7755","targetHints":{"allow":["GET"]}}],"collection":[{"href":"https:\/\/www.hotelaromar.com\/fr\/wp-json\/wp\/v2\/posts"}],"about":[{"href":"https:\/\/www.hotelaromar.com\/fr\/wp-json\/wp\/v2\/types\/post"}],"author":[{"embeddable":true,"href":"https:\/\/www.hotelaromar.com\/fr\/wp-json\/wp\/v2\/users\/1"}],"replies":[{"embeddable":true,"href":"https:\/\/www.hotelaromar.com\/fr\/wp-json\/wp\/v2\/comments?post=7755"}],"version-history":[{"count":0,"href":"https:\/\/www.hotelaromar.com\/fr\/wp-json\/wp\/v2\/posts\/7755\/revisions"}],"wp:featuredmedia":[{"embeddable":true,"href":"https:\/\/www.hotelaromar.com\/fr\/wp-json\/wp\/v2\/media\/6804"}],"wp:attachment":[{"href":"https:\/\/www.hotelaromar.com\/fr\/wp-json\/wp\/v2\/media?parent=7755"}],"wp:term":[{"taxonomy":"category","embeddable":true,"href":"https:\/\/www.hotelaromar.com\/fr\/wp-json\/wp\/v2\/categories?post=7755"},{"taxonomy":"post_tag","embeddable":true,"href":"https:\/\/www.hotelaromar.com\/fr\/wp-json\/wp\/v2\/tags?post=7755"}],"curies":[{"name":"wp","href":"https:\/\/api.w.org\/{rel}","templated":true}]}}