{"id":9316,"date":"2026-07-03T12:08:33","date_gmt":"2026-07-03T10:08:33","guid":{"rendered":"https:\/\/www.hotelaromar.com\/decouvrez-la-costa-brava-visitez-le-cami-de-ronda-sagaro\/"},"modified":"2026-07-03T12:08:33","modified_gmt":"2026-07-03T10:08:33","slug":"decouvrez-la-costa-brava-visitez-le-cami-de-ronda-sagaro","status":"publish","type":"post","link":"https:\/\/www.hotelaromar.com\/fr\/decouvrez-la-costa-brava-visitez-le-cami-de-ronda-sagaro\/","title":{"rendered":"D\u00e9couvrez la Costa Brava : visitez le Cam\u00ed de Ronda, S&rsquo;Agar\u00f3"},"content":{"rendered":"<p>L&rsquo;Office de Tourisme de Castell-Platja d&rsquo;Aro propose des visites aux diff\u00e9rents points de la ville \u00e0 savourer en famille. Apr\u00e8s une journ\u00e9e \u00e0 la plage, d\u00e9couvrez la r\u00e9gion et son histoire !<\/p>\n<h2>Cam\u00ed de Ronda, S&rsquo;Agar\u00f3<\/h2>\n<p>Les chemins de ronde entourent et relient les plages, les criques et la localit\u00e9. Ils sont apparus au XIXe si\u00e8cle, servant \u00e0 prot\u00e9ger les citoyens et utilis\u00e9s par la Guardia Civil pour emp\u00eacher le march\u00e9 maritime ill\u00e9gal.<\/p>\n<p>Aujourd&rsquo;hui, il a \u00e9t\u00e9 r\u00e9am\u00e9nag\u00e9 pour devenir une promenade maritime de 4 kilom\u00e8tres de long adapt\u00e9e \u00e0 toute la famille. De l\u00e0, on peut profiter des bleus de la mer M\u00e9diterran\u00e9e et de la v\u00e9g\u00e9tation, avec des vues incroyables, lors d&rsquo;une promenade inoubliable.<\/p>\n<p>Toutes les visites ont lieu \u00e0 19 heures<\/p>\n<p>Catalan-Anglais<\/p>\n<p>29 juin<\/p>\n<p>13 et 27 juillet<\/p>\n<p>17 et 31 ao\u00fbt<\/p>\n<p>Espagnol-Fran\u00e7ais<\/p>\n<p>6 et 20 juillet<\/p>\n<p>10 et 24 ao\u00fbt<\/p>\n<p>7 septembre<\/p>\n<h2>Cam\u00ed de Ronda et Vila Romana de Pla de Palol<\/h2>\n<p>La Vila Romana de Pla de Palol date du Ier si\u00e8cle av. J.-C. Elle est l&rsquo;une des colonies romaines les plus importantes et les fouilles ont commenc\u00e9 en 1959. Ce n&rsquo;est qu&rsquo;en 1998 qu&rsquo;elle a \u00e9t\u00e9 ouverte au public.<\/p>\n<p>On y remarque les thermes, la d\u00e9couverte des modes de production romains, les lieux de stockage et de grandes terrasses. D\u00e9couvrez lors de la visite guid\u00e9e l&rsquo;histoire et les secrets du patrimoine historique de Platja d&rsquo;Aro.<\/p>\n<p>Toutes les visites ont lieu \u00e0 19 heures<\/p>\n<p>Catalan-Anglais<\/p>\n<p>21 juillet<\/p>\n<p>25 ao\u00fbt<\/p>\n<p>Espagnol-Fran\u00e7ais<\/p>\n<p>7 juillet<\/p>\n<p>11 ao\u00fbt<\/p>\n<p>Cam\u00ed de Ronda de S&rsquo;Agar\u00f3<\/p>\n<p>Profitez de l&rsquo;histoire cin\u00e9matographique de la r\u00e9gion ! Un r\u00e9alisateur de cin\u00e9ma transformera le Cam\u00ed de Ronda de S&rsquo;Agar\u00f3 en son plateau de tournage, o\u00f9 des personnages nous feront revivre, dans un spectacle participatif, l&rsquo;\u00e9poque cin\u00e9matographique de Castell-Platja d&rsquo;Aro.<\/p>\n<p>Toutes les repr\u00e9sentations ont lieu \u00e0 19 heures<\/p>\n<p>Catalan<\/p>\n<p>8 et 22 juillet<\/p>\n<p>5 et 26 ao\u00fbt<\/p>\n<p>Prix : 2,50 \u20ac\/personne par activit\u00e9<\/p>\n<p>Les places sont limit\u00e9es.<\/p>\n<p>R\u00e9servation sur le site web et \u00e0 l&rsquo;Office de Tourisme<\/p>\n<p>D\u00e9couvrez \u00e9galement les visites guid\u00e9es du vieux quartier de Castell d&rsquo;Aro<\/p>\n<p>R\u00e9servez d\u00e8s maintenant !<\/p>\n","protected":false},"excerpt":{"rendered":"<p>L&rsquo;Office de Tourisme de Castell-Platja d&rsquo;Aro propose des visites aux diff\u00e9rents points de la ville \u00e0 savourer en famille. Apr\u00e8s une journ\u00e9e \u00e0 la plage, d\u00e9couvrez la r\u00e9gion et son histoire ! Cam\u00ed de Ronda, S&rsquo;Agar\u00f3 Les chemins de ronde entourent et relient les plages, les criques et la localit\u00e9. Ils sont apparus au XIXe&hellip;&nbsp;<\/p>\n","protected":false},"author":1,"featured_media":10170,"comment_status":"closed","ping_status":"closed","sticky":false,"template":"","format":"standard","meta":{"_acf_changed":false,"neve_meta_sidebar":"","neve_meta_container":"","neve_meta_enable_content_width":"","neve_meta_content_width":0,"neve_meta_title_alignment":"","neve_meta_author_avatar":"","neve_post_elements_order":"","neve_meta_disable_header":"","neve_meta_disable_footer":"","neve_meta_disable_title":"","neve_meta_reading_time":"","footnotes":""},"categories":[1,27],"tags":[],"class_list":["post-9316","post","type-post","status-publish","format-standard","has-post-thumbnail","hentry","category-uncategorized-ca","category-non-classifiee"],"acf":[],"yoast_head":"<!-- This site is optimized with the Yoast SEO plugin v28.4 - https:\/\/yoast.com\/product\/yoast-seo-wordpress\/ -->\n<title>D\u00e9couvrez la Costa Brava : visitez le Cam\u00ed de Ronda, S&#039;Agar\u00f3 | Hotel Aromar<\/title>\n<meta name=\"robots\" content=\"index, follow, max-snippet:-1, max-image-preview:large, max-video-preview:-1\" \/>\n<link rel=\"canonical\" href=\"https:\/\/www.hotelaromar.com\/fr\/decouvrez-la-costa-brava-visitez-le-cami-de-ronda-sagaro\/\" \/>\n<meta property=\"og:locale\" content=\"fr_FR\" \/>\n<meta property=\"og:type\" content=\"article\" \/>\n<meta property=\"og:title\" content=\"D\u00e9couvrez la Costa Brava : visitez le Cam\u00ed de Ronda, S&#039;Agar\u00f3 | Hotel Aromar\" \/>\n<meta property=\"og:description\" content=\"L&rsquo;Office de Tourisme de Castell-Platja d&rsquo;Aro propose des visites aux diff\u00e9rents points de la ville \u00e0 savourer en famille. Apr\u00e8s une journ\u00e9e \u00e0 la plage, d\u00e9couvrez la r\u00e9gion et son histoire ! Cam\u00ed de Ronda, S&rsquo;Agar\u00f3 Les chemins de ronde entourent et relient les plages, les criques et la localit\u00e9. Ils sont apparus au XIXe&hellip;&nbsp;\" \/>\n<meta property=\"og:url\" content=\"https:\/\/www.hotelaromar.com\/fr\/decouvrez-la-costa-brava-visitez-le-cami-de-ronda-sagaro\/\" \/>\n<meta property=\"og:site_name\" content=\"Hotel Aromar\" \/>\n<meta property=\"article:published_time\" content=\"2026-07-03T10:08:33+00:00\" \/>\n<meta property=\"og:image\" content=\"https:\/\/www.hotelaromar.com\/wp-content\/uploads\/2024\/04\/Aromar.jpg\" \/>\n\t<meta property=\"og:image:width\" content=\"1200\" \/>\n\t<meta property=\"og:image:height\" content=\"675\" \/>\n\t<meta property=\"og:image:type\" content=\"image\/jpeg\" \/>\n<meta name=\"author\" content=\"Comunicaci\u00f3 Integral Neorg\" \/>\n<meta name=\"twitter:card\" content=\"summary_large_image\" \/>\n<meta name=\"twitter:label1\" content=\"\u00c9crit par\" \/>\n\t<meta name=\"twitter:data1\" content=\"Comunicaci\u00f3 Integral Neorg\" \/>\n\t<meta name=\"twitter:label2\" content=\"Dur\u00e9e de lecture estim\u00e9e\" \/>\n\t<meta name=\"twitter:data2\" content=\"2 minutes\" \/>\n<script type=\"application\/ld+json\" class=\"yoast-schema-graph\">{\"@context\":\"https:\\\/\\\/schema.org\",\"@graph\":[{\"@type\":\"Article\",\"@id\":\"https:\\\/\\\/www.hotelaromar.com\\\/fr\\\/decouvrez-la-costa-brava-visitez-le-cami-de-ronda-sagaro\\\/#article\",\"isPartOf\":{\"@id\":\"https:\\\/\\\/www.hotelaromar.com\\\/fr\\\/decouvrez-la-costa-brava-visitez-le-cami-de-ronda-sagaro\\\/\"},\"author\":{\"name\":\"Comunicaci\u00f3 Integral Neorg\",\"@id\":\"https:\\\/\\\/www.hotelaromar.com\\\/fr\\\/#\\\/schema\\\/person\\\/e8444f3aad536cf5bdfdebb4bde6c163\"},\"headline\":\"D\u00e9couvrez la Costa Brava : visitez le Cam\u00ed de Ronda, S&rsquo;Agar\u00f3\",\"datePublished\":\"2026-07-03T10:08:33+00:00\",\"mainEntityOfPage\":{\"@id\":\"https:\\\/\\\/www.hotelaromar.com\\\/fr\\\/decouvrez-la-costa-brava-visitez-le-cami-de-ronda-sagaro\\\/\"},\"wordCount\":380,\"publisher\":{\"@id\":\"https:\\\/\\\/www.hotelaromar.com\\\/fr\\\/#organization\"},\"image\":{\"@id\":\"https:\\\/\\\/www.hotelaromar.com\\\/fr\\\/decouvrez-la-costa-brava-visitez-le-cami-de-ronda-sagaro\\\/#primaryimage\"},\"thumbnailUrl\":\"https:\\\/\\\/www.hotelaromar.com\\\/wp-content\\\/uploads\\\/2026\\\/07\\\/costa-brava-sagaro.webp\",\"articleSection\":[\"Aromar Hotels\",\"Aromar Hotels\"],\"inLanguage\":\"fr-FR\"},{\"@type\":\"WebPage\",\"@id\":\"https:\\\/\\\/www.hotelaromar.com\\\/fr\\\/decouvrez-la-costa-brava-visitez-le-cami-de-ronda-sagaro\\\/\",\"url\":\"https:\\\/\\\/www.hotelaromar.com\\\/fr\\\/decouvrez-la-costa-brava-visitez-le-cami-de-ronda-sagaro\\\/\",\"name\":\"D\u00e9couvrez la Costa Brava : visitez le Cam\u00ed de Ronda, S'Agar\u00f3 | Hotel Aromar\",\"isPartOf\":{\"@id\":\"https:\\\/\\\/www.hotelaromar.com\\\/fr\\\/#website\"},\"primaryImageOfPage\":{\"@id\":\"https:\\\/\\\/www.hotelaromar.com\\\/fr\\\/decouvrez-la-costa-brava-visitez-le-cami-de-ronda-sagaro\\\/#primaryimage\"},\"image\":{\"@id\":\"https:\\\/\\\/www.hotelaromar.com\\\/fr\\\/decouvrez-la-costa-brava-visitez-le-cami-de-ronda-sagaro\\\/#primaryimage\"},\"thumbnailUrl\":\"https:\\\/\\\/www.hotelaromar.com\\\/wp-content\\\/uploads\\\/2026\\\/07\\\/costa-brava-sagaro.webp\",\"datePublished\":\"2026-07-03T10:08:33+00:00\",\"breadcrumb\":{\"@id\":\"https:\\\/\\\/www.hotelaromar.com\\\/fr\\\/decouvrez-la-costa-brava-visitez-le-cami-de-ronda-sagaro\\\/#breadcrumb\"},\"inLanguage\":\"fr-FR\",\"potentialAction\":[{\"@type\":\"ReadAction\",\"target\":[\"https:\\\/\\\/www.hotelaromar.com\\\/fr\\\/decouvrez-la-costa-brava-visitez-le-cami-de-ronda-sagaro\\\/\"]}]},{\"@type\":\"ImageObject\",\"inLanguage\":\"fr-FR\",\"@id\":\"https:\\\/\\\/www.hotelaromar.com\\\/fr\\\/decouvrez-la-costa-brava-visitez-le-cami-de-ronda-sagaro\\\/#primaryimage\",\"url\":\"https:\\\/\\\/www.hotelaromar.com\\\/wp-content\\\/uploads\\\/2026\\\/07\\\/costa-brava-sagaro.webp\",\"contentUrl\":\"https:\\\/\\\/www.hotelaromar.com\\\/wp-content\\\/uploads\\\/2026\\\/07\\\/costa-brava-sagaro.webp\",\"width\":1774,\"height\":887},{\"@type\":\"BreadcrumbList\",\"@id\":\"https:\\\/\\\/www.hotelaromar.com\\\/fr\\\/decouvrez-la-costa-brava-visitez-le-cami-de-ronda-sagaro\\\/#breadcrumb\",\"itemListElement\":[{\"@type\":\"ListItem\",\"position\":1,\"name\":\"Portada\",\"item\":\"https:\\\/\\\/www.hotelaromar.com\\\/fr\\\/\"},{\"@type\":\"ListItem\",\"position\":2,\"name\":\"D\u00e9couvrez la Costa Brava : visitez le Cam\u00ed de Ronda, S&#8217;Agar\u00f3\"}]},{\"@type\":\"WebSite\",\"@id\":\"https:\\\/\\\/www.hotelaromar.com\\\/fr\\\/#website\",\"url\":\"https:\\\/\\\/www.hotelaromar.com\\\/fr\\\/\",\"name\":\"Aromar Hotels & Restaurants\",\"description\":\"Hotel Aromar\",\"publisher\":{\"@id\":\"https:\\\/\\\/www.hotelaromar.com\\\/fr\\\/#organization\"},\"alternateName\":\"Aromar Hotels & Restaurants\",\"potentialAction\":[{\"@type\":\"SearchAction\",\"target\":{\"@type\":\"EntryPoint\",\"urlTemplate\":\"https:\\\/\\\/www.hotelaromar.com\\\/fr\\\/?s={search_term_string}\"},\"query-input\":{\"@type\":\"PropertyValueSpecification\",\"valueRequired\":true,\"valueName\":\"search_term_string\"}}],\"inLanguage\":\"fr-FR\"},{\"@type\":\"Organization\",\"@id\":\"https:\\\/\\\/www.hotelaromar.com\\\/fr\\\/#organization\",\"name\":\"Hotel Aromar\",\"alternateName\":\"Aromar Hotels\",\"url\":\"https:\\\/\\\/www.hotelaromar.com\\\/fr\\\/\",\"logo\":{\"@type\":\"ImageObject\",\"inLanguage\":\"fr-FR\",\"@id\":\"https:\\\/\\\/www.hotelaromar.com\\\/fr\\\/#\\\/schema\\\/logo\\\/image\\\/\",\"url\":\"https:\\\/\\\/www.hotelaromar.com\\\/wp-content\\\/uploads\\\/2024\\\/04\\\/Aromar-2.jpg\",\"contentUrl\":\"https:\\\/\\\/www.hotelaromar.com\\\/wp-content\\\/uploads\\\/2024\\\/04\\\/Aromar-2.jpg\",\"width\":696,\"height\":696,\"caption\":\"Hotel Aromar\"},\"image\":{\"@id\":\"https:\\\/\\\/www.hotelaromar.com\\\/fr\\\/#\\\/schema\\\/logo\\\/image\\\/\"}},{\"@type\":\"Person\",\"@id\":\"https:\\\/\\\/www.hotelaromar.com\\\/fr\\\/#\\\/schema\\\/person\\\/e8444f3aad536cf5bdfdebb4bde6c163\",\"name\":\"Comunicaci\u00f3 Integral Neorg\",\"image\":{\"@type\":\"ImageObject\",\"inLanguage\":\"fr-FR\",\"@id\":\"https:\\\/\\\/secure.gravatar.com\\\/avatar\\\/709d3d8015183afa7401c02e2291a538cbfd4ffe62f4d86ce5f4871f22e86b09?s=96&d=mm&r=g\",\"url\":\"https:\\\/\\\/secure.gravatar.com\\\/avatar\\\/709d3d8015183afa7401c02e2291a538cbfd4ffe62f4d86ce5f4871f22e86b09?s=96&d=mm&r=g\",\"contentUrl\":\"https:\\\/\\\/secure.gravatar.com\\\/avatar\\\/709d3d8015183afa7401c02e2291a538cbfd4ffe62f4d86ce5f4871f22e86b09?s=96&d=mm&r=g\",\"caption\":\"Comunicaci\u00f3 Integral Neorg\"},\"sameAs\":[\"https:\\\/\\\/www.hotelaromar.com\"]}]}<\/script>\n<!-- \/ Yoast SEO plugin. -->","yoast_head_json":{"title":"D\u00e9couvrez la Costa Brava : visitez le Cam\u00ed de Ronda, S'Agar\u00f3 | Hotel Aromar","robots":{"index":"index","follow":"follow","max-snippet":"max-snippet:-1","max-image-preview":"max-image-preview:large","max-video-preview":"max-video-preview:-1"},"canonical":"https:\/\/www.hotelaromar.com\/fr\/decouvrez-la-costa-brava-visitez-le-cami-de-ronda-sagaro\/","og_locale":"fr_FR","og_type":"article","og_title":"D\u00e9couvrez la Costa Brava : visitez le Cam\u00ed de Ronda, S'Agar\u00f3 | Hotel Aromar","og_description":"L&rsquo;Office de Tourisme de Castell-Platja d&rsquo;Aro propose des visites aux diff\u00e9rents points de la ville \u00e0 savourer en famille. Apr\u00e8s une journ\u00e9e \u00e0 la plage, d\u00e9couvrez la r\u00e9gion et son histoire ! Cam\u00ed de Ronda, S&rsquo;Agar\u00f3 Les chemins de ronde entourent et relient les plages, les criques et la localit\u00e9. Ils sont apparus au XIXe&hellip;&nbsp;","og_url":"https:\/\/www.hotelaromar.com\/fr\/decouvrez-la-costa-brava-visitez-le-cami-de-ronda-sagaro\/","og_site_name":"Hotel Aromar","article_published_time":"2026-07-03T10:08:33+00:00","og_image":[{"width":1200,"height":675,"url":"https:\/\/www.hotelaromar.com\/wp-content\/uploads\/2024\/04\/Aromar.jpg","type":"image\/jpeg"}],"author":"Comunicaci\u00f3 Integral Neorg","twitter_card":"summary_large_image","twitter_misc":{"\u00c9crit par":"Comunicaci\u00f3 Integral Neorg","Dur\u00e9e de lecture estim\u00e9e":"2 minutes"},"schema":{"@context":"https:\/\/schema.org","@graph":[{"@type":"Article","@id":"https:\/\/www.hotelaromar.com\/fr\/decouvrez-la-costa-brava-visitez-le-cami-de-ronda-sagaro\/#article","isPartOf":{"@id":"https:\/\/www.hotelaromar.com\/fr\/decouvrez-la-costa-brava-visitez-le-cami-de-ronda-sagaro\/"},"author":{"name":"Comunicaci\u00f3 Integral Neorg","@id":"https:\/\/www.hotelaromar.com\/fr\/#\/schema\/person\/e8444f3aad536cf5bdfdebb4bde6c163"},"headline":"D\u00e9couvrez la Costa Brava : visitez le Cam\u00ed de Ronda, S&rsquo;Agar\u00f3","datePublished":"2026-07-03T10:08:33+00:00","mainEntityOfPage":{"@id":"https:\/\/www.hotelaromar.com\/fr\/decouvrez-la-costa-brava-visitez-le-cami-de-ronda-sagaro\/"},"wordCount":380,"publisher":{"@id":"https:\/\/www.hotelaromar.com\/fr\/#organization"},"image":{"@id":"https:\/\/www.hotelaromar.com\/fr\/decouvrez-la-costa-brava-visitez-le-cami-de-ronda-sagaro\/#primaryimage"},"thumbnailUrl":"https:\/\/www.hotelaromar.com\/wp-content\/uploads\/2026\/07\/costa-brava-sagaro.webp","articleSection":["Aromar Hotels","Aromar Hotels"],"inLanguage":"fr-FR"},{"@type":"WebPage","@id":"https:\/\/www.hotelaromar.com\/fr\/decouvrez-la-costa-brava-visitez-le-cami-de-ronda-sagaro\/","url":"https:\/\/www.hotelaromar.com\/fr\/decouvrez-la-costa-brava-visitez-le-cami-de-ronda-sagaro\/","name":"D\u00e9couvrez la Costa Brava : visitez le Cam\u00ed de Ronda, S'Agar\u00f3 | Hotel Aromar","isPartOf":{"@id":"https:\/\/www.hotelaromar.com\/fr\/#website"},"primaryImageOfPage":{"@id":"https:\/\/www.hotelaromar.com\/fr\/decouvrez-la-costa-brava-visitez-le-cami-de-ronda-sagaro\/#primaryimage"},"image":{"@id":"https:\/\/www.hotelaromar.com\/fr\/decouvrez-la-costa-brava-visitez-le-cami-de-ronda-sagaro\/#primaryimage"},"thumbnailUrl":"https:\/\/www.hotelaromar.com\/wp-content\/uploads\/2026\/07\/costa-brava-sagaro.webp","datePublished":"2026-07-03T10:08:33+00:00","breadcrumb":{"@id":"https:\/\/www.hotelaromar.com\/fr\/decouvrez-la-costa-brava-visitez-le-cami-de-ronda-sagaro\/#breadcrumb"},"inLanguage":"fr-FR","potentialAction":[{"@type":"ReadAction","target":["https:\/\/www.hotelaromar.com\/fr\/decouvrez-la-costa-brava-visitez-le-cami-de-ronda-sagaro\/"]}]},{"@type":"ImageObject","inLanguage":"fr-FR","@id":"https:\/\/www.hotelaromar.com\/fr\/decouvrez-la-costa-brava-visitez-le-cami-de-ronda-sagaro\/#primaryimage","url":"https:\/\/www.hotelaromar.com\/wp-content\/uploads\/2026\/07\/costa-brava-sagaro.webp","contentUrl":"https:\/\/www.hotelaromar.com\/wp-content\/uploads\/2026\/07\/costa-brava-sagaro.webp","width":1774,"height":887},{"@type":"BreadcrumbList","@id":"https:\/\/www.hotelaromar.com\/fr\/decouvrez-la-costa-brava-visitez-le-cami-de-ronda-sagaro\/#breadcrumb","itemListElement":[{"@type":"ListItem","position":1,"name":"Portada","item":"https:\/\/www.hotelaromar.com\/fr\/"},{"@type":"ListItem","position":2,"name":"D\u00e9couvrez la Costa Brava : visitez le Cam\u00ed de Ronda, S&#8217;Agar\u00f3"}]},{"@type":"WebSite","@id":"https:\/\/www.hotelaromar.com\/fr\/#website","url":"https:\/\/www.hotelaromar.com\/fr\/","name":"Aromar Hotels & Restaurants","description":"Hotel Aromar","publisher":{"@id":"https:\/\/www.hotelaromar.com\/fr\/#organization"},"alternateName":"Aromar Hotels & Restaurants","potentialAction":[{"@type":"SearchAction","target":{"@type":"EntryPoint","urlTemplate":"https:\/\/www.hotelaromar.com\/fr\/?s={search_term_string}"},"query-input":{"@type":"PropertyValueSpecification","valueRequired":true,"valueName":"search_term_string"}}],"inLanguage":"fr-FR"},{"@type":"Organization","@id":"https:\/\/www.hotelaromar.com\/fr\/#organization","name":"Hotel Aromar","alternateName":"Aromar Hotels","url":"https:\/\/www.hotelaromar.com\/fr\/","logo":{"@type":"ImageObject","inLanguage":"fr-FR","@id":"https:\/\/www.hotelaromar.com\/fr\/#\/schema\/logo\/image\/","url":"https:\/\/www.hotelaromar.com\/wp-content\/uploads\/2024\/04\/Aromar-2.jpg","contentUrl":"https:\/\/www.hotelaromar.com\/wp-content\/uploads\/2024\/04\/Aromar-2.jpg","width":696,"height":696,"caption":"Hotel Aromar"},"image":{"@id":"https:\/\/www.hotelaromar.com\/fr\/#\/schema\/logo\/image\/"}},{"@type":"Person","@id":"https:\/\/www.hotelaromar.com\/fr\/#\/schema\/person\/e8444f3aad536cf5bdfdebb4bde6c163","name":"Comunicaci\u00f3 Integral Neorg","image":{"@type":"ImageObject","inLanguage":"fr-FR","@id":"https:\/\/secure.gravatar.com\/avatar\/709d3d8015183afa7401c02e2291a538cbfd4ffe62f4d86ce5f4871f22e86b09?s=96&d=mm&r=g","url":"https:\/\/secure.gravatar.com\/avatar\/709d3d8015183afa7401c02e2291a538cbfd4ffe62f4d86ce5f4871f22e86b09?s=96&d=mm&r=g","contentUrl":"https:\/\/secure.gravatar.com\/avatar\/709d3d8015183afa7401c02e2291a538cbfd4ffe62f4d86ce5f4871f22e86b09?s=96&d=mm&r=g","caption":"Comunicaci\u00f3 Integral Neorg"},"sameAs":["https:\/\/www.hotelaromar.com"]}]}},"_links":{"self":[{"href":"https:\/\/www.hotelaromar.com\/fr\/wp-json\/wp\/v2\/posts\/9316","targetHints":{"allow":["GET"]}}],"collection":[{"href":"https:\/\/www.hotelaromar.com\/fr\/wp-json\/wp\/v2\/posts"}],"about":[{"href":"https:\/\/www.hotelaromar.com\/fr\/wp-json\/wp\/v2\/types\/post"}],"author":[{"embeddable":true,"href":"https:\/\/www.hotelaromar.com\/fr\/wp-json\/wp\/v2\/users\/1"}],"replies":[{"embeddable":true,"href":"https:\/\/www.hotelaromar.com\/fr\/wp-json\/wp\/v2\/comments?post=9316"}],"version-history":[{"count":0,"href":"https:\/\/www.hotelaromar.com\/fr\/wp-json\/wp\/v2\/posts\/9316\/revisions"}],"wp:featuredmedia":[{"embeddable":true,"href":"https:\/\/www.hotelaromar.com\/fr\/wp-json\/wp\/v2\/media\/10170"}],"wp:attachment":[{"href":"https:\/\/www.hotelaromar.com\/fr\/wp-json\/wp\/v2\/media?parent=9316"}],"wp:term":[{"taxonomy":"category","embeddable":true,"href":"https:\/\/www.hotelaromar.com\/fr\/wp-json\/wp\/v2\/categories?post=9316"},{"taxonomy":"post_tag","embeddable":true,"href":"https:\/\/www.hotelaromar.com\/fr\/wp-json\/wp\/v2\/tags?post=9316"}],"curies":[{"name":"wp","href":"https:\/\/api.w.org\/{rel}","templated":true}]}}