{"id":9319,"date":"2026-07-03T12:09:22","date_gmt":"2026-07-03T10:09:22","guid":{"rendered":"https:\/\/www.hotelaromar.com\/decouvrez-la-costa-brava-visites-du-cami-de-ronda-et-de-la-vila-romana-de-pla-de-palol\/"},"modified":"2026-07-03T12:09:22","modified_gmt":"2026-07-03T10:09:22","slug":"decouvrez-la-costa-brava-visites-du-cami-de-ronda-et-de-la-vila-romana-de-pla-de-palol","status":"publish","type":"post","link":"https:\/\/www.hotelaromar.com\/fr\/decouvrez-la-costa-brava-visites-du-cami-de-ronda-et-de-la-vila-romana-de-pla-de-palol\/","title":{"rendered":"D\u00e9couvrez la Costa Brava : visites du Cam\u00ed de Ronda et de la Vila Romana de Pla de Palol"},"content":{"rendered":"<h2>Trouvez le plan qui vous convient le mieux<\/h2>\n<p>L&rsquo;Office de Tourisme de Castell-Platja d&rsquo;Aro propose des visites aux diff\u00e9rents points de la ville \u00e0 savourer en famille. Apr\u00e8s une journ\u00e9e \u00e0 la plage, d\u00e9couvrez la r\u00e9gion et son histoire !<\/p>\n<h2>Cam\u00ed de Ronda<\/h2>\n<p>Les chemins de ronde entourent et relient les plages, les criques et la localit\u00e9. Ils sont apparus au XIXe si\u00e8cle, servant \u00e0 prot\u00e9ger les citoyens et utilis\u00e9s par la Guardia Civil pour emp\u00eacher le march\u00e9 maritime ill\u00e9gal.<\/p>\n<p>Aujourd&rsquo;hui, il a \u00e9t\u00e9 r\u00e9am\u00e9nag\u00e9 pour devenir une promenade maritime de 4 kilom\u00e8tres de long adapt\u00e9e \u00e0 toute la famille. De l\u00e0, on peut profiter des bleus de la mer M\u00e9diterran\u00e9e et de la v\u00e9g\u00e9tation, avec des vues incroyables, lors d&rsquo;une promenade inoubliable.<\/p>\n<p>Toutes les visites ont lieu \u00e0 19 heures<\/p>\n<p>Catalan-Anglais<\/p>\n<p>21 juillet<\/p>\n<p>25 ao\u00fbt<\/p>\n<p>Espagnol-Fran\u00e7ais<\/p>\n<p>7 juillet<\/p>\n<p>11 ao\u00fbt<\/p>\n<h2>Vila Romana de Pla de Palol<\/h2>\n<p>La Vila Romana de Pla de Palol date du Ier si\u00e8cle av. J.-C. Elle est l&rsquo;une des colonies romaines les plus importantes et les fouilles ont commenc\u00e9 en 1959. Ce n&rsquo;est qu&rsquo;en 1998 qu&rsquo;elle a \u00e9t\u00e9 ouverte au public.<\/p>\n<p>On y remarque les thermes, la d\u00e9couverte des modes de production romains, les lieux de stockage et de grandes terrasses. D\u00e9couvrez lors de la visite guid\u00e9e l&rsquo;histoire et les secrets du patrimoine historique de Platja d&rsquo;Aro.<\/p>\n<h2>Journ\u00e9e \u0153nologique D.O. Portcianus \u00e0 la Vila Romana de Pla de Palol<\/h2>\n<p>Des activit\u00e9s pour comm\u00e9morer et c\u00e9l\u00e9brer l&rsquo;une des principales activit\u00e9s \u00e9conomiques de la r\u00e9gion ! Visite des thermes, une vendange traditionnelle, des activit\u00e9s pour les enfants et une d\u00e9gustation de vins pour les adultes.<\/p>\n<p>18 SEPTEMBRE<\/p>\n<p>Enfants (3 \u00e0 10 ans) de 11 h \u00e0 13 h<\/p>\n<p>Visite des thermes de 11 h \u00e0 13 h et de 18 h \u00e0 20 h (CAT\/ES\/LSC)<\/p>\n<p>D\u00e9gustation pour adultes de 18 h \u00e0 20 h<\/p>\n<h2>Th\u00e9\u00e2tralisation : Vila Romana de Pla de Palol<\/h2>\n<p>Les personnages romains Marcus et Julia nous feront d\u00e9couvrir l&rsquo;histoire des ruines de la villa romaine qui, entre le Ier si\u00e8cle av. J.-C. et le VIIe si\u00e8cle apr. J.-C., se consacra \u00e0 l&rsquo;industrie viticole et \u00e0 l&rsquo;extraction de l&rsquo;argile export\u00e9e depuis le port naturel de Cala Rovira.<\/p>\n<p>Toutes les repr\u00e9sentations ont lieu \u00e0 19 heures<\/p>\n<p>Catalan<\/p>\n<p>15 et 29 juillet<\/p>\n<p>19 ao\u00fbt<\/p>\n<p>Tout public<\/p>\n<p>Prix : 2,50 \u20ac\/personne par activit\u00e9<\/p>\n<p>Les places sont limit\u00e9es.<\/p>\n<p>R\u00e9servation sur le site web et \u00e0 l&rsquo;Office de Tourisme<\/p>\n<p>Renseignez-vous \u00e9galement sur les visites guid\u00e9es du Cam\u00ed de Ronda et du vieux quartier de Castell d&rsquo;Aro<\/p>\n<p>R\u00e9servez d\u00e8s maintenant !<\/p>\n","protected":false},"excerpt":{"rendered":"<p>Trouvez le plan qui vous convient le mieux L&rsquo;Office de Tourisme de Castell-Platja d&rsquo;Aro propose des visites aux diff\u00e9rents points de la ville \u00e0 savourer en famille. Apr\u00e8s une journ\u00e9e \u00e0 la plage, d\u00e9couvrez la r\u00e9gion et son histoire ! Cam\u00ed de Ronda Les chemins de ronde entourent et relient les plages, les criques et&hellip;&nbsp;<\/p>\n","protected":false},"author":1,"featured_media":10190,"comment_status":"closed","ping_status":"closed","sticky":false,"template":"","format":"standard","meta":{"_acf_changed":false,"neve_meta_sidebar":"","neve_meta_container":"","neve_meta_enable_content_width":"","neve_meta_content_width":0,"neve_meta_title_alignment":"","neve_meta_author_avatar":"","neve_post_elements_order":"","neve_meta_disable_header":"","neve_meta_disable_footer":"","neve_meta_disable_title":"","neve_meta_reading_time":"","footnotes":""},"categories":[27,1],"tags":[],"class_list":["post-9319","post","type-post","status-publish","format-standard","has-post-thumbnail","hentry","category-non-classifiee","category-uncategorized-ca"],"acf":[],"yoast_head":"<!-- This site is optimized with the Yoast SEO plugin v28.4 - https:\/\/yoast.com\/product\/yoast-seo-wordpress\/ -->\n<title>D\u00e9couvrez la Costa Brava : visites du Cam\u00ed de Ronda et de la Vila Romana de Pla de Palol | Hotel Aromar<\/title>\n<meta name=\"robots\" content=\"index, follow, max-snippet:-1, max-image-preview:large, max-video-preview:-1\" \/>\n<link rel=\"canonical\" href=\"https:\/\/www.hotelaromar.com\/fr\/decouvrez-la-costa-brava-visites-du-cami-de-ronda-et-de-la-vila-romana-de-pla-de-palol\/\" \/>\n<meta property=\"og:locale\" content=\"fr_FR\" \/>\n<meta property=\"og:type\" content=\"article\" \/>\n<meta property=\"og:title\" content=\"D\u00e9couvrez la Costa Brava : visites du Cam\u00ed de Ronda et de la Vila Romana de Pla de Palol | Hotel Aromar\" \/>\n<meta property=\"og:description\" content=\"Trouvez le plan qui vous convient le mieux L&rsquo;Office de Tourisme de Castell-Platja d&rsquo;Aro propose des visites aux diff\u00e9rents points de la ville \u00e0 savourer en famille. Apr\u00e8s une journ\u00e9e \u00e0 la plage, d\u00e9couvrez la r\u00e9gion et son histoire ! Cam\u00ed de Ronda Les chemins de ronde entourent et relient les plages, les criques et&hellip;&nbsp;\" \/>\n<meta property=\"og:url\" content=\"https:\/\/www.hotelaromar.com\/fr\/decouvrez-la-costa-brava-visites-du-cami-de-ronda-et-de-la-vila-romana-de-pla-de-palol\/\" \/>\n<meta property=\"og:site_name\" content=\"Hotel Aromar\" \/>\n<meta property=\"article:published_time\" content=\"2026-07-03T10:09:22+00:00\" \/>\n<meta property=\"og:image\" content=\"https:\/\/www.hotelaromar.com\/wp-content\/uploads\/2026\/07\/cami-de-ronda.webp\" \/>\n\t<meta property=\"og:image:width\" content=\"1774\" \/>\n\t<meta property=\"og:image:height\" content=\"887\" \/>\n\t<meta property=\"og:image:type\" content=\"image\/webp\" \/>\n<meta name=\"author\" content=\"Comunicaci\u00f3 Integral Neorg\" \/>\n<meta name=\"twitter:card\" content=\"summary_large_image\" \/>\n<meta name=\"twitter:label1\" content=\"\u00c9crit par\" \/>\n\t<meta name=\"twitter:data1\" content=\"Comunicaci\u00f3 Integral Neorg\" \/>\n\t<meta name=\"twitter:label2\" content=\"Dur\u00e9e de lecture estim\u00e9e\" \/>\n\t<meta name=\"twitter:data2\" content=\"2 minutes\" \/>\n<script type=\"application\/ld+json\" class=\"yoast-schema-graph\">{\"@context\":\"https:\\\/\\\/schema.org\",\"@graph\":[{\"@type\":\"Article\",\"@id\":\"https:\\\/\\\/www.hotelaromar.com\\\/fr\\\/decouvrez-la-costa-brava-visites-du-cami-de-ronda-et-de-la-vila-romana-de-pla-de-palol\\\/#article\",\"isPartOf\":{\"@id\":\"https:\\\/\\\/www.hotelaromar.com\\\/fr\\\/decouvrez-la-costa-brava-visites-du-cami-de-ronda-et-de-la-vila-romana-de-pla-de-palol\\\/\"},\"author\":{\"name\":\"Comunicaci\u00f3 Integral Neorg\",\"@id\":\"https:\\\/\\\/www.hotelaromar.com\\\/fr\\\/#\\\/schema\\\/person\\\/e8444f3aad536cf5bdfdebb4bde6c163\"},\"headline\":\"D\u00e9couvrez la Costa Brava : visites du Cam\u00ed de Ronda et de la Vila Romana de Pla de Palol\",\"datePublished\":\"2026-07-03T10:09:22+00:00\",\"mainEntityOfPage\":{\"@id\":\"https:\\\/\\\/www.hotelaromar.com\\\/fr\\\/decouvrez-la-costa-brava-visites-du-cami-de-ronda-et-de-la-vila-romana-de-pla-de-palol\\\/\"},\"wordCount\":465,\"publisher\":{\"@id\":\"https:\\\/\\\/www.hotelaromar.com\\\/fr\\\/#organization\"},\"image\":{\"@id\":\"https:\\\/\\\/www.hotelaromar.com\\\/fr\\\/decouvrez-la-costa-brava-visites-du-cami-de-ronda-et-de-la-vila-romana-de-pla-de-palol\\\/#primaryimage\"},\"thumbnailUrl\":\"https:\\\/\\\/www.hotelaromar.com\\\/wp-content\\\/uploads\\\/2026\\\/07\\\/cami-de-ronda.webp\",\"articleSection\":[\"Aromar Hotels\",\"Aromar Hotels\"],\"inLanguage\":\"fr-FR\"},{\"@type\":\"WebPage\",\"@id\":\"https:\\\/\\\/www.hotelaromar.com\\\/fr\\\/decouvrez-la-costa-brava-visites-du-cami-de-ronda-et-de-la-vila-romana-de-pla-de-palol\\\/\",\"url\":\"https:\\\/\\\/www.hotelaromar.com\\\/fr\\\/decouvrez-la-costa-brava-visites-du-cami-de-ronda-et-de-la-vila-romana-de-pla-de-palol\\\/\",\"name\":\"D\u00e9couvrez la Costa Brava : visites du Cam\u00ed de Ronda et de la Vila Romana de Pla de Palol | Hotel Aromar\",\"isPartOf\":{\"@id\":\"https:\\\/\\\/www.hotelaromar.com\\\/fr\\\/#website\"},\"primaryImageOfPage\":{\"@id\":\"https:\\\/\\\/www.hotelaromar.com\\\/fr\\\/decouvrez-la-costa-brava-visites-du-cami-de-ronda-et-de-la-vila-romana-de-pla-de-palol\\\/#primaryimage\"},\"image\":{\"@id\":\"https:\\\/\\\/www.hotelaromar.com\\\/fr\\\/decouvrez-la-costa-brava-visites-du-cami-de-ronda-et-de-la-vila-romana-de-pla-de-palol\\\/#primaryimage\"},\"thumbnailUrl\":\"https:\\\/\\\/www.hotelaromar.com\\\/wp-content\\\/uploads\\\/2026\\\/07\\\/cami-de-ronda.webp\",\"datePublished\":\"2026-07-03T10:09:22+00:00\",\"breadcrumb\":{\"@id\":\"https:\\\/\\\/www.hotelaromar.com\\\/fr\\\/decouvrez-la-costa-brava-visites-du-cami-de-ronda-et-de-la-vila-romana-de-pla-de-palol\\\/#breadcrumb\"},\"inLanguage\":\"fr-FR\",\"potentialAction\":[{\"@type\":\"ReadAction\",\"target\":[\"https:\\\/\\\/www.hotelaromar.com\\\/fr\\\/decouvrez-la-costa-brava-visites-du-cami-de-ronda-et-de-la-vila-romana-de-pla-de-palol\\\/\"]}]},{\"@type\":\"ImageObject\",\"inLanguage\":\"fr-FR\",\"@id\":\"https:\\\/\\\/www.hotelaromar.com\\\/fr\\\/decouvrez-la-costa-brava-visites-du-cami-de-ronda-et-de-la-vila-romana-de-pla-de-palol\\\/#primaryimage\",\"url\":\"https:\\\/\\\/www.hotelaromar.com\\\/wp-content\\\/uploads\\\/2026\\\/07\\\/cami-de-ronda.webp\",\"contentUrl\":\"https:\\\/\\\/www.hotelaromar.com\\\/wp-content\\\/uploads\\\/2026\\\/07\\\/cami-de-ronda.webp\",\"width\":1774,\"height\":887},{\"@type\":\"BreadcrumbList\",\"@id\":\"https:\\\/\\\/www.hotelaromar.com\\\/fr\\\/decouvrez-la-costa-brava-visites-du-cami-de-ronda-et-de-la-vila-romana-de-pla-de-palol\\\/#breadcrumb\",\"itemListElement\":[{\"@type\":\"ListItem\",\"position\":1,\"name\":\"Portada\",\"item\":\"https:\\\/\\\/www.hotelaromar.com\\\/fr\\\/\"},{\"@type\":\"ListItem\",\"position\":2,\"name\":\"D\u00e9couvrez la Costa Brava : visites du Cam\u00ed de Ronda et de la Vila Romana de Pla de Palol\"}]},{\"@type\":\"WebSite\",\"@id\":\"https:\\\/\\\/www.hotelaromar.com\\\/fr\\\/#website\",\"url\":\"https:\\\/\\\/www.hotelaromar.com\\\/fr\\\/\",\"name\":\"Aromar Hotels & Restaurants\",\"description\":\"Hotel Aromar\",\"publisher\":{\"@id\":\"https:\\\/\\\/www.hotelaromar.com\\\/fr\\\/#organization\"},\"alternateName\":\"Aromar Hotels & Restaurants\",\"potentialAction\":[{\"@type\":\"SearchAction\",\"target\":{\"@type\":\"EntryPoint\",\"urlTemplate\":\"https:\\\/\\\/www.hotelaromar.com\\\/fr\\\/?s={search_term_string}\"},\"query-input\":{\"@type\":\"PropertyValueSpecification\",\"valueRequired\":true,\"valueName\":\"search_term_string\"}}],\"inLanguage\":\"fr-FR\"},{\"@type\":\"Organization\",\"@id\":\"https:\\\/\\\/www.hotelaromar.com\\\/fr\\\/#organization\",\"name\":\"Hotel Aromar\",\"alternateName\":\"Aromar Hotels\",\"url\":\"https:\\\/\\\/www.hotelaromar.com\\\/fr\\\/\",\"logo\":{\"@type\":\"ImageObject\",\"inLanguage\":\"fr-FR\",\"@id\":\"https:\\\/\\\/www.hotelaromar.com\\\/fr\\\/#\\\/schema\\\/logo\\\/image\\\/\",\"url\":\"https:\\\/\\\/www.hotelaromar.com\\\/wp-content\\\/uploads\\\/2024\\\/04\\\/Aromar-2.jpg\",\"contentUrl\":\"https:\\\/\\\/www.hotelaromar.com\\\/wp-content\\\/uploads\\\/2024\\\/04\\\/Aromar-2.jpg\",\"width\":696,\"height\":696,\"caption\":\"Hotel Aromar\"},\"image\":{\"@id\":\"https:\\\/\\\/www.hotelaromar.com\\\/fr\\\/#\\\/schema\\\/logo\\\/image\\\/\"}},{\"@type\":\"Person\",\"@id\":\"https:\\\/\\\/www.hotelaromar.com\\\/fr\\\/#\\\/schema\\\/person\\\/e8444f3aad536cf5bdfdebb4bde6c163\",\"name\":\"Comunicaci\u00f3 Integral Neorg\",\"image\":{\"@type\":\"ImageObject\",\"inLanguage\":\"fr-FR\",\"@id\":\"https:\\\/\\\/secure.gravatar.com\\\/avatar\\\/709d3d8015183afa7401c02e2291a538cbfd4ffe62f4d86ce5f4871f22e86b09?s=96&d=mm&r=g\",\"url\":\"https:\\\/\\\/secure.gravatar.com\\\/avatar\\\/709d3d8015183afa7401c02e2291a538cbfd4ffe62f4d86ce5f4871f22e86b09?s=96&d=mm&r=g\",\"contentUrl\":\"https:\\\/\\\/secure.gravatar.com\\\/avatar\\\/709d3d8015183afa7401c02e2291a538cbfd4ffe62f4d86ce5f4871f22e86b09?s=96&d=mm&r=g\",\"caption\":\"Comunicaci\u00f3 Integral Neorg\"},\"sameAs\":[\"https:\\\/\\\/www.hotelaromar.com\"]}]}<\/script>\n<!-- \/ Yoast SEO plugin. -->","yoast_head_json":{"title":"D\u00e9couvrez la Costa Brava : visites du Cam\u00ed de Ronda et de la Vila Romana de Pla de Palol | Hotel Aromar","robots":{"index":"index","follow":"follow","max-snippet":"max-snippet:-1","max-image-preview":"max-image-preview:large","max-video-preview":"max-video-preview:-1"},"canonical":"https:\/\/www.hotelaromar.com\/fr\/decouvrez-la-costa-brava-visites-du-cami-de-ronda-et-de-la-vila-romana-de-pla-de-palol\/","og_locale":"fr_FR","og_type":"article","og_title":"D\u00e9couvrez la Costa Brava : visites du Cam\u00ed de Ronda et de la Vila Romana de Pla de Palol | Hotel Aromar","og_description":"Trouvez le plan qui vous convient le mieux L&rsquo;Office de Tourisme de Castell-Platja d&rsquo;Aro propose des visites aux diff\u00e9rents points de la ville \u00e0 savourer en famille. Apr\u00e8s une journ\u00e9e \u00e0 la plage, d\u00e9couvrez la r\u00e9gion et son histoire ! Cam\u00ed de Ronda Les chemins de ronde entourent et relient les plages, les criques et&hellip;&nbsp;","og_url":"https:\/\/www.hotelaromar.com\/fr\/decouvrez-la-costa-brava-visites-du-cami-de-ronda-et-de-la-vila-romana-de-pla-de-palol\/","og_site_name":"Hotel Aromar","article_published_time":"2026-07-03T10:09:22+00:00","og_image":[{"width":1774,"height":887,"url":"https:\/\/www.hotelaromar.com\/wp-content\/uploads\/2026\/07\/cami-de-ronda.webp","type":"image\/webp"}],"author":"Comunicaci\u00f3 Integral Neorg","twitter_card":"summary_large_image","twitter_misc":{"\u00c9crit par":"Comunicaci\u00f3 Integral Neorg","Dur\u00e9e de lecture estim\u00e9e":"2 minutes"},"schema":{"@context":"https:\/\/schema.org","@graph":[{"@type":"Article","@id":"https:\/\/www.hotelaromar.com\/fr\/decouvrez-la-costa-brava-visites-du-cami-de-ronda-et-de-la-vila-romana-de-pla-de-palol\/#article","isPartOf":{"@id":"https:\/\/www.hotelaromar.com\/fr\/decouvrez-la-costa-brava-visites-du-cami-de-ronda-et-de-la-vila-romana-de-pla-de-palol\/"},"author":{"name":"Comunicaci\u00f3 Integral Neorg","@id":"https:\/\/www.hotelaromar.com\/fr\/#\/schema\/person\/e8444f3aad536cf5bdfdebb4bde6c163"},"headline":"D\u00e9couvrez la Costa Brava : visites du Cam\u00ed de Ronda et de la Vila Romana de Pla de Palol","datePublished":"2026-07-03T10:09:22+00:00","mainEntityOfPage":{"@id":"https:\/\/www.hotelaromar.com\/fr\/decouvrez-la-costa-brava-visites-du-cami-de-ronda-et-de-la-vila-romana-de-pla-de-palol\/"},"wordCount":465,"publisher":{"@id":"https:\/\/www.hotelaromar.com\/fr\/#organization"},"image":{"@id":"https:\/\/www.hotelaromar.com\/fr\/decouvrez-la-costa-brava-visites-du-cami-de-ronda-et-de-la-vila-romana-de-pla-de-palol\/#primaryimage"},"thumbnailUrl":"https:\/\/www.hotelaromar.com\/wp-content\/uploads\/2026\/07\/cami-de-ronda.webp","articleSection":["Aromar Hotels","Aromar Hotels"],"inLanguage":"fr-FR"},{"@type":"WebPage","@id":"https:\/\/www.hotelaromar.com\/fr\/decouvrez-la-costa-brava-visites-du-cami-de-ronda-et-de-la-vila-romana-de-pla-de-palol\/","url":"https:\/\/www.hotelaromar.com\/fr\/decouvrez-la-costa-brava-visites-du-cami-de-ronda-et-de-la-vila-romana-de-pla-de-palol\/","name":"D\u00e9couvrez la Costa Brava : visites du Cam\u00ed de Ronda et de la Vila Romana de Pla de Palol | Hotel Aromar","isPartOf":{"@id":"https:\/\/www.hotelaromar.com\/fr\/#website"},"primaryImageOfPage":{"@id":"https:\/\/www.hotelaromar.com\/fr\/decouvrez-la-costa-brava-visites-du-cami-de-ronda-et-de-la-vila-romana-de-pla-de-palol\/#primaryimage"},"image":{"@id":"https:\/\/www.hotelaromar.com\/fr\/decouvrez-la-costa-brava-visites-du-cami-de-ronda-et-de-la-vila-romana-de-pla-de-palol\/#primaryimage"},"thumbnailUrl":"https:\/\/www.hotelaromar.com\/wp-content\/uploads\/2026\/07\/cami-de-ronda.webp","datePublished":"2026-07-03T10:09:22+00:00","breadcrumb":{"@id":"https:\/\/www.hotelaromar.com\/fr\/decouvrez-la-costa-brava-visites-du-cami-de-ronda-et-de-la-vila-romana-de-pla-de-palol\/#breadcrumb"},"inLanguage":"fr-FR","potentialAction":[{"@type":"ReadAction","target":["https:\/\/www.hotelaromar.com\/fr\/decouvrez-la-costa-brava-visites-du-cami-de-ronda-et-de-la-vila-romana-de-pla-de-palol\/"]}]},{"@type":"ImageObject","inLanguage":"fr-FR","@id":"https:\/\/www.hotelaromar.com\/fr\/decouvrez-la-costa-brava-visites-du-cami-de-ronda-et-de-la-vila-romana-de-pla-de-palol\/#primaryimage","url":"https:\/\/www.hotelaromar.com\/wp-content\/uploads\/2026\/07\/cami-de-ronda.webp","contentUrl":"https:\/\/www.hotelaromar.com\/wp-content\/uploads\/2026\/07\/cami-de-ronda.webp","width":1774,"height":887},{"@type":"BreadcrumbList","@id":"https:\/\/www.hotelaromar.com\/fr\/decouvrez-la-costa-brava-visites-du-cami-de-ronda-et-de-la-vila-romana-de-pla-de-palol\/#breadcrumb","itemListElement":[{"@type":"ListItem","position":1,"name":"Portada","item":"https:\/\/www.hotelaromar.com\/fr\/"},{"@type":"ListItem","position":2,"name":"D\u00e9couvrez la Costa Brava : visites du Cam\u00ed de Ronda et de la Vila Romana de Pla de Palol"}]},{"@type":"WebSite","@id":"https:\/\/www.hotelaromar.com\/fr\/#website","url":"https:\/\/www.hotelaromar.com\/fr\/","name":"Aromar Hotels & Restaurants","description":"Hotel Aromar","publisher":{"@id":"https:\/\/www.hotelaromar.com\/fr\/#organization"},"alternateName":"Aromar Hotels & Restaurants","potentialAction":[{"@type":"SearchAction","target":{"@type":"EntryPoint","urlTemplate":"https:\/\/www.hotelaromar.com\/fr\/?s={search_term_string}"},"query-input":{"@type":"PropertyValueSpecification","valueRequired":true,"valueName":"search_term_string"}}],"inLanguage":"fr-FR"},{"@type":"Organization","@id":"https:\/\/www.hotelaromar.com\/fr\/#organization","name":"Hotel Aromar","alternateName":"Aromar Hotels","url":"https:\/\/www.hotelaromar.com\/fr\/","logo":{"@type":"ImageObject","inLanguage":"fr-FR","@id":"https:\/\/www.hotelaromar.com\/fr\/#\/schema\/logo\/image\/","url":"https:\/\/www.hotelaromar.com\/wp-content\/uploads\/2024\/04\/Aromar-2.jpg","contentUrl":"https:\/\/www.hotelaromar.com\/wp-content\/uploads\/2024\/04\/Aromar-2.jpg","width":696,"height":696,"caption":"Hotel Aromar"},"image":{"@id":"https:\/\/www.hotelaromar.com\/fr\/#\/schema\/logo\/image\/"}},{"@type":"Person","@id":"https:\/\/www.hotelaromar.com\/fr\/#\/schema\/person\/e8444f3aad536cf5bdfdebb4bde6c163","name":"Comunicaci\u00f3 Integral Neorg","image":{"@type":"ImageObject","inLanguage":"fr-FR","@id":"https:\/\/secure.gravatar.com\/avatar\/709d3d8015183afa7401c02e2291a538cbfd4ffe62f4d86ce5f4871f22e86b09?s=96&d=mm&r=g","url":"https:\/\/secure.gravatar.com\/avatar\/709d3d8015183afa7401c02e2291a538cbfd4ffe62f4d86ce5f4871f22e86b09?s=96&d=mm&r=g","contentUrl":"https:\/\/secure.gravatar.com\/avatar\/709d3d8015183afa7401c02e2291a538cbfd4ffe62f4d86ce5f4871f22e86b09?s=96&d=mm&r=g","caption":"Comunicaci\u00f3 Integral Neorg"},"sameAs":["https:\/\/www.hotelaromar.com"]}]}},"_links":{"self":[{"href":"https:\/\/www.hotelaromar.com\/fr\/wp-json\/wp\/v2\/posts\/9319","targetHints":{"allow":["GET"]}}],"collection":[{"href":"https:\/\/www.hotelaromar.com\/fr\/wp-json\/wp\/v2\/posts"}],"about":[{"href":"https:\/\/www.hotelaromar.com\/fr\/wp-json\/wp\/v2\/types\/post"}],"author":[{"embeddable":true,"href":"https:\/\/www.hotelaromar.com\/fr\/wp-json\/wp\/v2\/users\/1"}],"replies":[{"embeddable":true,"href":"https:\/\/www.hotelaromar.com\/fr\/wp-json\/wp\/v2\/comments?post=9319"}],"version-history":[{"count":0,"href":"https:\/\/www.hotelaromar.com\/fr\/wp-json\/wp\/v2\/posts\/9319\/revisions"}],"wp:featuredmedia":[{"embeddable":true,"href":"https:\/\/www.hotelaromar.com\/fr\/wp-json\/wp\/v2\/media\/10190"}],"wp:attachment":[{"href":"https:\/\/www.hotelaromar.com\/fr\/wp-json\/wp\/v2\/media?parent=9319"}],"wp:term":[{"taxonomy":"category","embeddable":true,"href":"https:\/\/www.hotelaromar.com\/fr\/wp-json\/wp\/v2\/categories?post=9319"},{"taxonomy":"post_tag","embeddable":true,"href":"https:\/\/www.hotelaromar.com\/fr\/wp-json\/wp\/v2\/tags?post=9319"}],"curies":[{"name":"wp","href":"https:\/\/api.w.org\/{rel}","templated":true}]}}