{"id":9321,"date":"2026-07-03T12:10:04","date_gmt":"2026-07-03T10:10:04","guid":{"rendered":"https:\/\/www.hotelaromar.com\/decouvrez-la-costa-brava-visites-au-parc-dels-estanys-et-visite-de-la-ferme-avec-les-enfants\/"},"modified":"2026-07-03T12:10:04","modified_gmt":"2026-07-03T10:10:04","slug":"decouvrez-la-costa-brava-visites-au-parc-dels-estanys-et-visite-de-la-ferme-avec-les-enfants","status":"publish","type":"post","link":"https:\/\/www.hotelaromar.com\/fr\/decouvrez-la-costa-brava-visites-au-parc-dels-estanys-et-visite-de-la-ferme-avec-les-enfants\/","title":{"rendered":"D\u00e9couvrez la Costa Brava : visites au Parc dels Estanys et visite de la ferme avec les enfants !"},"content":{"rendered":"<p>L&rsquo;Office de Tourisme de Castell-Platja d&rsquo;Aro propose des visites aux diff\u00e9rents points de la ville \u00e0 savourer en famille. Apr\u00e8s une journ\u00e9e \u00e0 la plage, d\u00e9couvrez la r\u00e9gion et son histoire !<\/p>\n<h2>Visite du Parc dels Estanys<\/h2>\n<p>D\u00e9couvrez lors de cette visite guid\u00e9e consacr\u00e9e \u00e0 la sculpture la dimension artistique int\u00e9gr\u00e9e \u00e0 l&rsquo;espace naturel inaugur\u00e9 en 2012. Il s&rsquo;agit d&rsquo;un mus\u00e9e en plein air, o\u00f9 les oiseaux autochtones se m\u00ealent aux expositions artistiques.<\/p>\n<p>Toutes les visites ont lieu \u00e0 19 heures<\/p>\n<p>Catalan<\/p>\n<p>14 juillet<\/p>\n<p>1er septembre<\/p>\n<p>Espagnol<\/p>\n<p>4 et 18 ao\u00fbt<\/p>\n<p>Visite naturaliste du Parc dels Estanys<\/p>\n<p>Lors de cette visite naturaliste, toute la famille peut s&rsquo;immerger et d\u00e9couvrir la richesse naturelle du parc naturel de Platja d&rsquo;Aro, d\u00e9couvrir le cycle de l&rsquo;eau, la flore et la faune. Plus de 250 esp\u00e8ces habitent le parc ou l&rsquo;utilisent comme lieu de repos pendant les migrations ! Aurez-vous la chance d&rsquo;en rencontrer certaines ?<\/p>\n<p>Toutes les visites ont lieu \u00e0 19 heures<\/p>\n<p>Catalan-Espagnol<\/p>\n<p>16 et 30 juillet<\/p>\n<p>13 et 27 ao\u00fbt<\/p>\n<p>Th\u00e9\u00e2tralisation : Contes magiques au Parc dels Estanys<\/p>\n<p>Le Parc dels Estanys est un espace naturel, parfait pour \u00e9couter des histoires magiques avec des personnages incroyables. \u00c0 la fin des contes, on pourra profiter du parc, o\u00f9 se trouveront des sculptures en plein air entour\u00e9es de l&rsquo;habitat de la r\u00e9gion.<\/p>\n<p>Toutes les repr\u00e9sentations ont lieu \u00e0 19 heures<\/p>\n<p>Catalan<\/p>\n<p>11 juillet<\/p>\n<p>1er ao\u00fbt<\/p>\n<p>\u00c0 partir de 3 ans<\/p>\n<h2>On va \u00e0 la ferme ?<\/h2>\n<p>Pour les plus jeunes aussi, il y a de quoi s&rsquo;amuser. \u00c0 la Masia de Can Juanals dels Eroles, les enfants deviennent agriculteurs le temps d&rsquo;une journ\u00e9e. Ils peuvent y passer l&rsquo;apr\u00e8s-midi avec les animaux de la ferme, les conna\u00eetre, les toucher et les nourrir.<\/p>\n<p>Catalan<\/p>\n<p>18 h 30<\/p>\n<p>4 et 18 juillet<\/p>\n<p>29 ao\u00fbt<\/p>\n<p>Enfants de 3 \u00e0 7 ans<\/p>\n<p>Activit\u00e9 en catalan<\/p>\n<p>Catalan<\/p>\n<p>17 h 30<\/p>\n<p>17 septembre<\/p>\n<p>Visite adapt\u00e9e aux personnes atteintes de TSA<\/p>\n<p>Prix : 2,50 \u20ac\/personne par activit\u00e9<\/p>\n<p>Les places sont limit\u00e9es.<\/p>\n<p>R\u00e9servation sur le site web et \u00e0 l&rsquo;Office de Tourisme<\/p>\n<p>Pour voir plus d&rsquo;activit\u00e9s \u00e0 Platja d&rsquo;Aro, consultez notre rubrique ACTUALIT\u00c9S<\/p>\n<p>R\u00e9servez d\u00e8s maintenant !<\/p>\n","protected":false},"excerpt":{"rendered":"<p>L&rsquo;Office de Tourisme de Castell-Platja d&rsquo;Aro propose des visites aux diff\u00e9rents points de la ville \u00e0 savourer en famille. Apr\u00e8s une journ\u00e9e \u00e0 la plage, d\u00e9couvrez la r\u00e9gion et son histoire ! Visite du Parc dels Estanys D\u00e9couvrez lors de cette visite guid\u00e9e consacr\u00e9e \u00e0 la sculpture la dimension artistique int\u00e9gr\u00e9e \u00e0 l&rsquo;espace naturel inaugur\u00e9&hellip;&nbsp;<\/p>\n","protected":false},"author":1,"featured_media":10180,"comment_status":"closed","ping_status":"closed","sticky":false,"template":"","format":"standard","meta":{"_acf_changed":false,"neve_meta_sidebar":"","neve_meta_container":"","neve_meta_enable_content_width":"","neve_meta_content_width":0,"neve_meta_title_alignment":"","neve_meta_author_avatar":"","neve_post_elements_order":"","neve_meta_disable_header":"","neve_meta_disable_footer":"","neve_meta_disable_title":"","neve_meta_reading_time":"","footnotes":""},"categories":[1,27],"tags":[],"class_list":["post-9321","post","type-post","status-publish","format-standard","has-post-thumbnail","hentry","category-uncategorized-ca","category-non-classifiee"],"acf":[],"yoast_head":"<!-- This site is optimized with the Yoast SEO plugin v28.4 - https:\/\/yoast.com\/product\/yoast-seo-wordpress\/ -->\n<title>D\u00e9couvrez la Costa Brava : visites au Parc dels Estanys et visite de la ferme avec les enfants ! | Hotel Aromar<\/title>\n<meta name=\"robots\" content=\"index, follow, max-snippet:-1, max-image-preview:large, max-video-preview:-1\" \/>\n<link rel=\"canonical\" href=\"https:\/\/www.hotelaromar.com\/fr\/decouvrez-la-costa-brava-visites-au-parc-dels-estanys-et-visite-de-la-ferme-avec-les-enfants\/\" \/>\n<meta property=\"og:locale\" content=\"fr_FR\" \/>\n<meta property=\"og:type\" content=\"article\" \/>\n<meta property=\"og:title\" content=\"D\u00e9couvrez la Costa Brava : visites au Parc dels Estanys et visite de la ferme avec les enfants ! | Hotel Aromar\" \/>\n<meta property=\"og:description\" content=\"L&rsquo;Office de Tourisme de Castell-Platja d&rsquo;Aro propose des visites aux diff\u00e9rents points de la ville \u00e0 savourer en famille. Apr\u00e8s une journ\u00e9e \u00e0 la plage, d\u00e9couvrez la r\u00e9gion et son histoire ! Visite du Parc dels Estanys D\u00e9couvrez lors de cette visite guid\u00e9e consacr\u00e9e \u00e0 la sculpture la dimension artistique int\u00e9gr\u00e9e \u00e0 l&rsquo;espace naturel inaugur\u00e9&hellip;&nbsp;\" \/>\n<meta property=\"og:url\" content=\"https:\/\/www.hotelaromar.com\/fr\/decouvrez-la-costa-brava-visites-au-parc-dels-estanys-et-visite-de-la-ferme-avec-les-enfants\/\" \/>\n<meta property=\"og:site_name\" content=\"Hotel Aromar\" \/>\n<meta property=\"article:published_time\" content=\"2026-07-03T10:10:04+00:00\" \/>\n<meta property=\"og:image\" content=\"https:\/\/www.hotelaromar.com\/wp-content\/uploads\/2026\/07\/parc-estanys.webp\" \/>\n\t<meta property=\"og:image:width\" content=\"1774\" \/>\n\t<meta property=\"og:image:height\" content=\"887\" \/>\n\t<meta property=\"og:image:type\" content=\"image\/webp\" \/>\n<meta name=\"author\" content=\"Comunicaci\u00f3 Integral Neorg\" \/>\n<meta name=\"twitter:card\" content=\"summary_large_image\" \/>\n<meta name=\"twitter:label1\" content=\"\u00c9crit par\" \/>\n\t<meta name=\"twitter:data1\" content=\"Comunicaci\u00f3 Integral Neorg\" \/>\n\t<meta name=\"twitter:label2\" content=\"Dur\u00e9e de lecture estim\u00e9e\" \/>\n\t<meta name=\"twitter:data2\" content=\"2 minutes\" \/>\n<script type=\"application\/ld+json\" class=\"yoast-schema-graph\">{\"@context\":\"https:\\\/\\\/schema.org\",\"@graph\":[{\"@type\":\"Article\",\"@id\":\"https:\\\/\\\/www.hotelaromar.com\\\/fr\\\/decouvrez-la-costa-brava-visites-au-parc-dels-estanys-et-visite-de-la-ferme-avec-les-enfants\\\/#article\",\"isPartOf\":{\"@id\":\"https:\\\/\\\/www.hotelaromar.com\\\/fr\\\/decouvrez-la-costa-brava-visites-au-parc-dels-estanys-et-visite-de-la-ferme-avec-les-enfants\\\/\"},\"author\":{\"name\":\"Comunicaci\u00f3 Integral Neorg\",\"@id\":\"https:\\\/\\\/www.hotelaromar.com\\\/fr\\\/#\\\/schema\\\/person\\\/e8444f3aad536cf5bdfdebb4bde6c163\"},\"headline\":\"D\u00e9couvrez la Costa Brava : visites au Parc dels Estanys et visite de la ferme avec les enfants !\",\"datePublished\":\"2026-07-03T10:10:04+00:00\",\"mainEntityOfPage\":{\"@id\":\"https:\\\/\\\/www.hotelaromar.com\\\/fr\\\/decouvrez-la-costa-brava-visites-au-parc-dels-estanys-et-visite-de-la-ferme-avec-les-enfants\\\/\"},\"wordCount\":377,\"publisher\":{\"@id\":\"https:\\\/\\\/www.hotelaromar.com\\\/fr\\\/#organization\"},\"image\":{\"@id\":\"https:\\\/\\\/www.hotelaromar.com\\\/fr\\\/decouvrez-la-costa-brava-visites-au-parc-dels-estanys-et-visite-de-la-ferme-avec-les-enfants\\\/#primaryimage\"},\"thumbnailUrl\":\"https:\\\/\\\/www.hotelaromar.com\\\/wp-content\\\/uploads\\\/2026\\\/07\\\/parc-estanys.webp\",\"articleSection\":[\"Aromar Hotels\",\"Aromar Hotels\"],\"inLanguage\":\"fr-FR\"},{\"@type\":\"WebPage\",\"@id\":\"https:\\\/\\\/www.hotelaromar.com\\\/fr\\\/decouvrez-la-costa-brava-visites-au-parc-dels-estanys-et-visite-de-la-ferme-avec-les-enfants\\\/\",\"url\":\"https:\\\/\\\/www.hotelaromar.com\\\/fr\\\/decouvrez-la-costa-brava-visites-au-parc-dels-estanys-et-visite-de-la-ferme-avec-les-enfants\\\/\",\"name\":\"D\u00e9couvrez la Costa Brava : visites au Parc dels Estanys et visite de la ferme avec les enfants ! | Hotel Aromar\",\"isPartOf\":{\"@id\":\"https:\\\/\\\/www.hotelaromar.com\\\/fr\\\/#website\"},\"primaryImageOfPage\":{\"@id\":\"https:\\\/\\\/www.hotelaromar.com\\\/fr\\\/decouvrez-la-costa-brava-visites-au-parc-dels-estanys-et-visite-de-la-ferme-avec-les-enfants\\\/#primaryimage\"},\"image\":{\"@id\":\"https:\\\/\\\/www.hotelaromar.com\\\/fr\\\/decouvrez-la-costa-brava-visites-au-parc-dels-estanys-et-visite-de-la-ferme-avec-les-enfants\\\/#primaryimage\"},\"thumbnailUrl\":\"https:\\\/\\\/www.hotelaromar.com\\\/wp-content\\\/uploads\\\/2026\\\/07\\\/parc-estanys.webp\",\"datePublished\":\"2026-07-03T10:10:04+00:00\",\"breadcrumb\":{\"@id\":\"https:\\\/\\\/www.hotelaromar.com\\\/fr\\\/decouvrez-la-costa-brava-visites-au-parc-dels-estanys-et-visite-de-la-ferme-avec-les-enfants\\\/#breadcrumb\"},\"inLanguage\":\"fr-FR\",\"potentialAction\":[{\"@type\":\"ReadAction\",\"target\":[\"https:\\\/\\\/www.hotelaromar.com\\\/fr\\\/decouvrez-la-costa-brava-visites-au-parc-dels-estanys-et-visite-de-la-ferme-avec-les-enfants\\\/\"]}]},{\"@type\":\"ImageObject\",\"inLanguage\":\"fr-FR\",\"@id\":\"https:\\\/\\\/www.hotelaromar.com\\\/fr\\\/decouvrez-la-costa-brava-visites-au-parc-dels-estanys-et-visite-de-la-ferme-avec-les-enfants\\\/#primaryimage\",\"url\":\"https:\\\/\\\/www.hotelaromar.com\\\/wp-content\\\/uploads\\\/2026\\\/07\\\/parc-estanys.webp\",\"contentUrl\":\"https:\\\/\\\/www.hotelaromar.com\\\/wp-content\\\/uploads\\\/2026\\\/07\\\/parc-estanys.webp\",\"width\":1774,\"height\":887},{\"@type\":\"BreadcrumbList\",\"@id\":\"https:\\\/\\\/www.hotelaromar.com\\\/fr\\\/decouvrez-la-costa-brava-visites-au-parc-dels-estanys-et-visite-de-la-ferme-avec-les-enfants\\\/#breadcrumb\",\"itemListElement\":[{\"@type\":\"ListItem\",\"position\":1,\"name\":\"Portada\",\"item\":\"https:\\\/\\\/www.hotelaromar.com\\\/fr\\\/\"},{\"@type\":\"ListItem\",\"position\":2,\"name\":\"D\u00e9couvrez la Costa Brava : visites au Parc dels Estanys et visite de la ferme avec les enfants !\"}]},{\"@type\":\"WebSite\",\"@id\":\"https:\\\/\\\/www.hotelaromar.com\\\/fr\\\/#website\",\"url\":\"https:\\\/\\\/www.hotelaromar.com\\\/fr\\\/\",\"name\":\"Aromar Hotels & Restaurants\",\"description\":\"Hotel Aromar\",\"publisher\":{\"@id\":\"https:\\\/\\\/www.hotelaromar.com\\\/fr\\\/#organization\"},\"alternateName\":\"Aromar Hotels & Restaurants\",\"potentialAction\":[{\"@type\":\"SearchAction\",\"target\":{\"@type\":\"EntryPoint\",\"urlTemplate\":\"https:\\\/\\\/www.hotelaromar.com\\\/fr\\\/?s={search_term_string}\"},\"query-input\":{\"@type\":\"PropertyValueSpecification\",\"valueRequired\":true,\"valueName\":\"search_term_string\"}}],\"inLanguage\":\"fr-FR\"},{\"@type\":\"Organization\",\"@id\":\"https:\\\/\\\/www.hotelaromar.com\\\/fr\\\/#organization\",\"name\":\"Hotel Aromar\",\"alternateName\":\"Aromar Hotels\",\"url\":\"https:\\\/\\\/www.hotelaromar.com\\\/fr\\\/\",\"logo\":{\"@type\":\"ImageObject\",\"inLanguage\":\"fr-FR\",\"@id\":\"https:\\\/\\\/www.hotelaromar.com\\\/fr\\\/#\\\/schema\\\/logo\\\/image\\\/\",\"url\":\"https:\\\/\\\/www.hotelaromar.com\\\/wp-content\\\/uploads\\\/2024\\\/04\\\/Aromar-2.jpg\",\"contentUrl\":\"https:\\\/\\\/www.hotelaromar.com\\\/wp-content\\\/uploads\\\/2024\\\/04\\\/Aromar-2.jpg\",\"width\":696,\"height\":696,\"caption\":\"Hotel Aromar\"},\"image\":{\"@id\":\"https:\\\/\\\/www.hotelaromar.com\\\/fr\\\/#\\\/schema\\\/logo\\\/image\\\/\"}},{\"@type\":\"Person\",\"@id\":\"https:\\\/\\\/www.hotelaromar.com\\\/fr\\\/#\\\/schema\\\/person\\\/e8444f3aad536cf5bdfdebb4bde6c163\",\"name\":\"Comunicaci\u00f3 Integral Neorg\",\"image\":{\"@type\":\"ImageObject\",\"inLanguage\":\"fr-FR\",\"@id\":\"https:\\\/\\\/secure.gravatar.com\\\/avatar\\\/709d3d8015183afa7401c02e2291a538cbfd4ffe62f4d86ce5f4871f22e86b09?s=96&d=mm&r=g\",\"url\":\"https:\\\/\\\/secure.gravatar.com\\\/avatar\\\/709d3d8015183afa7401c02e2291a538cbfd4ffe62f4d86ce5f4871f22e86b09?s=96&d=mm&r=g\",\"contentUrl\":\"https:\\\/\\\/secure.gravatar.com\\\/avatar\\\/709d3d8015183afa7401c02e2291a538cbfd4ffe62f4d86ce5f4871f22e86b09?s=96&d=mm&r=g\",\"caption\":\"Comunicaci\u00f3 Integral Neorg\"},\"sameAs\":[\"https:\\\/\\\/www.hotelaromar.com\"]}]}<\/script>\n<!-- \/ Yoast SEO plugin. -->","yoast_head_json":{"title":"D\u00e9couvrez la Costa Brava : visites au Parc dels Estanys et visite de la ferme avec les enfants ! | Hotel Aromar","robots":{"index":"index","follow":"follow","max-snippet":"max-snippet:-1","max-image-preview":"max-image-preview:large","max-video-preview":"max-video-preview:-1"},"canonical":"https:\/\/www.hotelaromar.com\/fr\/decouvrez-la-costa-brava-visites-au-parc-dels-estanys-et-visite-de-la-ferme-avec-les-enfants\/","og_locale":"fr_FR","og_type":"article","og_title":"D\u00e9couvrez la Costa Brava : visites au Parc dels Estanys et visite de la ferme avec les enfants ! | Hotel Aromar","og_description":"L&rsquo;Office de Tourisme de Castell-Platja d&rsquo;Aro propose des visites aux diff\u00e9rents points de la ville \u00e0 savourer en famille. Apr\u00e8s une journ\u00e9e \u00e0 la plage, d\u00e9couvrez la r\u00e9gion et son histoire ! Visite du Parc dels Estanys D\u00e9couvrez lors de cette visite guid\u00e9e consacr\u00e9e \u00e0 la sculpture la dimension artistique int\u00e9gr\u00e9e \u00e0 l&rsquo;espace naturel inaugur\u00e9&hellip;&nbsp;","og_url":"https:\/\/www.hotelaromar.com\/fr\/decouvrez-la-costa-brava-visites-au-parc-dels-estanys-et-visite-de-la-ferme-avec-les-enfants\/","og_site_name":"Hotel Aromar","article_published_time":"2026-07-03T10:10:04+00:00","og_image":[{"width":1774,"height":887,"url":"https:\/\/www.hotelaromar.com\/wp-content\/uploads\/2026\/07\/parc-estanys.webp","type":"image\/webp"}],"author":"Comunicaci\u00f3 Integral Neorg","twitter_card":"summary_large_image","twitter_misc":{"\u00c9crit par":"Comunicaci\u00f3 Integral Neorg","Dur\u00e9e de lecture estim\u00e9e":"2 minutes"},"schema":{"@context":"https:\/\/schema.org","@graph":[{"@type":"Article","@id":"https:\/\/www.hotelaromar.com\/fr\/decouvrez-la-costa-brava-visites-au-parc-dels-estanys-et-visite-de-la-ferme-avec-les-enfants\/#article","isPartOf":{"@id":"https:\/\/www.hotelaromar.com\/fr\/decouvrez-la-costa-brava-visites-au-parc-dels-estanys-et-visite-de-la-ferme-avec-les-enfants\/"},"author":{"name":"Comunicaci\u00f3 Integral Neorg","@id":"https:\/\/www.hotelaromar.com\/fr\/#\/schema\/person\/e8444f3aad536cf5bdfdebb4bde6c163"},"headline":"D\u00e9couvrez la Costa Brava : visites au Parc dels Estanys et visite de la ferme avec les enfants !","datePublished":"2026-07-03T10:10:04+00:00","mainEntityOfPage":{"@id":"https:\/\/www.hotelaromar.com\/fr\/decouvrez-la-costa-brava-visites-au-parc-dels-estanys-et-visite-de-la-ferme-avec-les-enfants\/"},"wordCount":377,"publisher":{"@id":"https:\/\/www.hotelaromar.com\/fr\/#organization"},"image":{"@id":"https:\/\/www.hotelaromar.com\/fr\/decouvrez-la-costa-brava-visites-au-parc-dels-estanys-et-visite-de-la-ferme-avec-les-enfants\/#primaryimage"},"thumbnailUrl":"https:\/\/www.hotelaromar.com\/wp-content\/uploads\/2026\/07\/parc-estanys.webp","articleSection":["Aromar Hotels","Aromar Hotels"],"inLanguage":"fr-FR"},{"@type":"WebPage","@id":"https:\/\/www.hotelaromar.com\/fr\/decouvrez-la-costa-brava-visites-au-parc-dels-estanys-et-visite-de-la-ferme-avec-les-enfants\/","url":"https:\/\/www.hotelaromar.com\/fr\/decouvrez-la-costa-brava-visites-au-parc-dels-estanys-et-visite-de-la-ferme-avec-les-enfants\/","name":"D\u00e9couvrez la Costa Brava : visites au Parc dels Estanys et visite de la ferme avec les enfants ! | Hotel Aromar","isPartOf":{"@id":"https:\/\/www.hotelaromar.com\/fr\/#website"},"primaryImageOfPage":{"@id":"https:\/\/www.hotelaromar.com\/fr\/decouvrez-la-costa-brava-visites-au-parc-dels-estanys-et-visite-de-la-ferme-avec-les-enfants\/#primaryimage"},"image":{"@id":"https:\/\/www.hotelaromar.com\/fr\/decouvrez-la-costa-brava-visites-au-parc-dels-estanys-et-visite-de-la-ferme-avec-les-enfants\/#primaryimage"},"thumbnailUrl":"https:\/\/www.hotelaromar.com\/wp-content\/uploads\/2026\/07\/parc-estanys.webp","datePublished":"2026-07-03T10:10:04+00:00","breadcrumb":{"@id":"https:\/\/www.hotelaromar.com\/fr\/decouvrez-la-costa-brava-visites-au-parc-dels-estanys-et-visite-de-la-ferme-avec-les-enfants\/#breadcrumb"},"inLanguage":"fr-FR","potentialAction":[{"@type":"ReadAction","target":["https:\/\/www.hotelaromar.com\/fr\/decouvrez-la-costa-brava-visites-au-parc-dels-estanys-et-visite-de-la-ferme-avec-les-enfants\/"]}]},{"@type":"ImageObject","inLanguage":"fr-FR","@id":"https:\/\/www.hotelaromar.com\/fr\/decouvrez-la-costa-brava-visites-au-parc-dels-estanys-et-visite-de-la-ferme-avec-les-enfants\/#primaryimage","url":"https:\/\/www.hotelaromar.com\/wp-content\/uploads\/2026\/07\/parc-estanys.webp","contentUrl":"https:\/\/www.hotelaromar.com\/wp-content\/uploads\/2026\/07\/parc-estanys.webp","width":1774,"height":887},{"@type":"BreadcrumbList","@id":"https:\/\/www.hotelaromar.com\/fr\/decouvrez-la-costa-brava-visites-au-parc-dels-estanys-et-visite-de-la-ferme-avec-les-enfants\/#breadcrumb","itemListElement":[{"@type":"ListItem","position":1,"name":"Portada","item":"https:\/\/www.hotelaromar.com\/fr\/"},{"@type":"ListItem","position":2,"name":"D\u00e9couvrez la Costa Brava : visites au Parc dels Estanys et visite de la ferme avec les enfants !"}]},{"@type":"WebSite","@id":"https:\/\/www.hotelaromar.com\/fr\/#website","url":"https:\/\/www.hotelaromar.com\/fr\/","name":"Aromar Hotels & Restaurants","description":"Hotel Aromar","publisher":{"@id":"https:\/\/www.hotelaromar.com\/fr\/#organization"},"alternateName":"Aromar Hotels & Restaurants","potentialAction":[{"@type":"SearchAction","target":{"@type":"EntryPoint","urlTemplate":"https:\/\/www.hotelaromar.com\/fr\/?s={search_term_string}"},"query-input":{"@type":"PropertyValueSpecification","valueRequired":true,"valueName":"search_term_string"}}],"inLanguage":"fr-FR"},{"@type":"Organization","@id":"https:\/\/www.hotelaromar.com\/fr\/#organization","name":"Hotel Aromar","alternateName":"Aromar Hotels","url":"https:\/\/www.hotelaromar.com\/fr\/","logo":{"@type":"ImageObject","inLanguage":"fr-FR","@id":"https:\/\/www.hotelaromar.com\/fr\/#\/schema\/logo\/image\/","url":"https:\/\/www.hotelaromar.com\/wp-content\/uploads\/2024\/04\/Aromar-2.jpg","contentUrl":"https:\/\/www.hotelaromar.com\/wp-content\/uploads\/2024\/04\/Aromar-2.jpg","width":696,"height":696,"caption":"Hotel Aromar"},"image":{"@id":"https:\/\/www.hotelaromar.com\/fr\/#\/schema\/logo\/image\/"}},{"@type":"Person","@id":"https:\/\/www.hotelaromar.com\/fr\/#\/schema\/person\/e8444f3aad536cf5bdfdebb4bde6c163","name":"Comunicaci\u00f3 Integral Neorg","image":{"@type":"ImageObject","inLanguage":"fr-FR","@id":"https:\/\/secure.gravatar.com\/avatar\/709d3d8015183afa7401c02e2291a538cbfd4ffe62f4d86ce5f4871f22e86b09?s=96&d=mm&r=g","url":"https:\/\/secure.gravatar.com\/avatar\/709d3d8015183afa7401c02e2291a538cbfd4ffe62f4d86ce5f4871f22e86b09?s=96&d=mm&r=g","contentUrl":"https:\/\/secure.gravatar.com\/avatar\/709d3d8015183afa7401c02e2291a538cbfd4ffe62f4d86ce5f4871f22e86b09?s=96&d=mm&r=g","caption":"Comunicaci\u00f3 Integral Neorg"},"sameAs":["https:\/\/www.hotelaromar.com"]}]}},"_links":{"self":[{"href":"https:\/\/www.hotelaromar.com\/fr\/wp-json\/wp\/v2\/posts\/9321","targetHints":{"allow":["GET"]}}],"collection":[{"href":"https:\/\/www.hotelaromar.com\/fr\/wp-json\/wp\/v2\/posts"}],"about":[{"href":"https:\/\/www.hotelaromar.com\/fr\/wp-json\/wp\/v2\/types\/post"}],"author":[{"embeddable":true,"href":"https:\/\/www.hotelaromar.com\/fr\/wp-json\/wp\/v2\/users\/1"}],"replies":[{"embeddable":true,"href":"https:\/\/www.hotelaromar.com\/fr\/wp-json\/wp\/v2\/comments?post=9321"}],"version-history":[{"count":0,"href":"https:\/\/www.hotelaromar.com\/fr\/wp-json\/wp\/v2\/posts\/9321\/revisions"}],"wp:featuredmedia":[{"embeddable":true,"href":"https:\/\/www.hotelaromar.com\/fr\/wp-json\/wp\/v2\/media\/10180"}],"wp:attachment":[{"href":"https:\/\/www.hotelaromar.com\/fr\/wp-json\/wp\/v2\/media?parent=9321"}],"wp:term":[{"taxonomy":"category","embeddable":true,"href":"https:\/\/www.hotelaromar.com\/fr\/wp-json\/wp\/v2\/categories?post=9321"},{"taxonomy":"post_tag","embeddable":true,"href":"https:\/\/www.hotelaromar.com\/fr\/wp-json\/wp\/v2\/tags?post=9321"}],"curies":[{"name":"wp","href":"https:\/\/api.w.org\/{rel}","templated":true}]}}